{"id":6312,"date":"2023-01-16T11:08:58","date_gmt":"2023-01-16T08:08:58","guid":{"rendered":"https:\/\/www.teddenizli.k12.tr\/?p=6312"},"modified":"2023-01-16T11:09:15","modified_gmt":"2023-01-16T08:09:15","slug":"tesekkurler-denizli","status":"publish","type":"post","link":"https:\/\/www.teddenizli.k12.tr\/en\/tesekkurler-denizli\/","title":{"rendered":"TE\u015eEKK\u00dcRLER DEN\u0130ZL\u0130"},"content":{"rendered":"<p>TED Denizli Koleji, Okula Giri\u015f ve Bursluluk S\u0131nav\u0131 i\u00e7in Cumartesi ve Pazar g\u00fcn\u00fc y\u00fczlerce \u00f6\u011frenci ve veliyi a\u011f\u0131rlad\u0131k. 2023-2024 E\u011fitim-\u00d6\u011fretim Y\u0131l\u0131&#8217;nda TED Denizli Kolejinin 5, 6,7, 8, 9 ve 10. s\u0131n\u0131flar\u0131nda okuyacak ve burs kazanacak \u00f6\u011frencilerin belirlenece\u011fi s\u0131nav, yo\u011fun ilgi nedeniyle sabah ve \u00f6\u011fleden sonra olmak \u00fczere iki farkl\u0131 oturumda ger\u00e7ekle\u015ftirildi. Denizlili anne-babalar ve \u00e7ocuklar\u0131m\u0131za, &#8220;T\u00fcrkiye\u2019nin E\u011fitim Markas\u0131 TED&#8217;e g\u00f6sterdikleri bu yo\u011fun ilgiden dolay\u0131 te\u015fekk\u00fcr ediyoruz.<\/p>\n<p><iframe loading=\"lazy\" title=\"TE\u015eEKK\u00dcRLER DEN\u0130ZL\u0130\" src=\"https:\/\/www.youtube.com\/embed\/siYb_ioohEQ\" width=\"727\" height=\"409\" frameborder=\"0\" allowfullscreen=\"allowfullscreen\"><\/iframe><\/p>\n","protected":false},"excerpt":{"rendered":"<p>TED Denizli Koleji, Okula Giri\u015f ve Bursluluk S\u0131nav\u0131 i\u00e7in Cumartesi ve Pazar g\u00fcn\u00fc y\u00fczlerce \u00f6\u011frenci ve veliyi a\u011f\u0131rlad\u0131k. 2023-2024 E\u011fitim-\u00d6\u011fretim Y\u0131l\u0131&#8217;nda TED Denizli Kolejinin 5, 6,7,<span class=\"excerpt-hellip\"> [\u2026]<\/span><\/p>\n","protected":false},"author":14,"featured_media":6314,"comment_status":"closed","ping_status":"closed","sticky":false,"template":"","format":"standard","meta":{"footnotes":""},"categories":[1],"tags":[132,150,48,147,146,53,148,149],"class_list":["post-6312","post","type-post","status-publish","format-standard","has-post-thumbnail","hentry","category-haberler-ve-duyurular","tag-bursluluksinavi","tag-denizlidekiozelokullar","tag-kolej","tag-okulagirissinavi","tag-okulagirisvebursluluksinavi","tag-ozelokul","tag-teddenzilikoleji","tag-turkiyeninegitimmarkasi"],"_links":{"self":[{"href":"https:\/\/www.teddenizli.k12.tr\/en\/wp-json\/wp\/v2\/posts\/6312","targetHints":{"allow":["GET"]}}],"collection":[{"href":"https:\/\/www.teddenizli.k12.tr\/en\/wp-json\/wp\/v2\/posts"}],"about":[{"href":"https:\/\/www.teddenizli.k12.tr\/en\/wp-json\/wp\/v2\/types\/post"}],"author":[{"embeddable":true,"href":"https:\/\/www.teddenizli.k12.tr\/en\/wp-json\/wp\/v2\/users\/14"}],"replies":[{"embeddable":true,"href":"https:\/\/www.teddenizli.k12.tr\/en\/wp-json\/wp\/v2\/comments?post=6312"}],"version-history":[{"count":0,"href":"https:\/\/www.teddenizli.k12.tr\/en\/wp-json\/wp\/v2\/posts\/6312\/revisions"}],"wp:featuredmedia":[{"embeddable":true,"href":"https:\/\/www.teddenizli.k12.tr\/en\/wp-json\/wp\/v2\/media\/6314"}],"wp:attachment":[{"href":"https:\/\/www.teddenizli.k12.tr\/en\/wp-json\/wp\/v2\/media?parent=6312"}],"wp:term":[{"taxonomy":"category","embeddable":true,"href":"https:\/\/www.teddenizli.k12.tr\/en\/wp-json\/wp\/v2\/categories?post=6312"},{"taxonomy":"post_tag","embeddable":true,"href":"https:\/\/www.teddenizli.k12.tr\/en\/wp-json\/wp\/v2\/tags?post=6312"}],"curies":[{"name":"wp","href":"https:\/\/api.w.org\/{rel}","templated":true}]}}