{"id":6284,"date":"2023-01-04T16:57:24","date_gmt":"2023-01-04T13:57:24","guid":{"rendered":"https:\/\/www.teddenizli.k12.tr\/?p=6284"},"modified":"2023-01-04T16:58:30","modified_gmt":"2023-01-04T13:58:30","slug":"ted-denizli-koleji-clil-content-learning-integrated-language","status":"publish","type":"post","link":"https:\/\/www.teddenizli.k12.tr\/en\/ted-denizli-koleji-clil-content-learning-integrated-language\/","title":{"rendered":"TED Denizli Koleji &#8211; Clil (Content Learning Integrated Language)"},"content":{"rendered":"<p>Ted Denizli Koleji \u00f6\u011frencileri, Yabanc\u0131 Dil B\u00f6l\u00fcm\u00fc taraf\u0131ndan uygulanmakta olan Clil (Content Learning Integrated Language) tabanl\u0131 \u201cLanguage Acquisition Program\u201d ile g\u00fcne farkl\u0131 etkinlik ve \u00e7al\u0131\u015fmalar ile enerjik bir ba\u015flang\u0131\u00e7 yap\u0131yor, her hafta konu i\u00e7eriklerine uygun bir deyim \u00f6\u011freniyor ve \u00f6\u011frendikleri bilgileri<br \/>\n\u201cya\u015fayarak \u00f6\u011frenme\u201d ilkesine uygun bir \u015fekilde peki\u015ftirerek hem g\u00fcn boyu yabanc\u0131 dile yo\u011fun bir \u015fekilde ma\u011fruz kal\u0131yor hem de yabanc\u0131 dili bir ders olmaktan \u00e7\u0131kartarak onu tam bir ileti\u015fim arac\u0131 haline getiriyorlar.<\/p>\n<p><iframe loading=\"lazy\" title=\"TED Denizli Koleji - Clil (Content Learning Integrated Language)\" src=\"https:\/\/www.youtube.com\/embed\/P3YctZBLKWI\" width=\"727\" height=\"409\" frameborder=\"0\" allowfullscreen=\"allowfullscreen\"><\/iframe><\/p>\n","protected":false},"excerpt":{"rendered":"<p>Ted Denizli Koleji \u00f6\u011frencileri, Yabanc\u0131 Dil B\u00f6l\u00fcm\u00fc taraf\u0131ndan uygulanmakta olan Clil (Content Learning Integrated Language) tabanl\u0131 \u201cLanguage Acquisition Program\u201d ile g\u00fcne farkl\u0131 etkinlik ve \u00e7al\u0131\u015fmalar ile<span class=\"excerpt-hellip\"> [\u2026]<\/span><\/p>\n","protected":false},"author":14,"featured_media":6285,"comment_status":"closed","ping_status":"closed","sticky":false,"template":"","format":"standard","meta":{"footnotes":""},"categories":[1],"tags":[138,20,18],"class_list":["post-6284","post","type-post","status-publish","format-standard","has-post-thumbnail","hentry","category-haberler-ve-duyurular","tag-clil","tag-ingilizce","tag-teddenizlikoleji"],"_links":{"self":[{"href":"https:\/\/www.teddenizli.k12.tr\/en\/wp-json\/wp\/v2\/posts\/6284","targetHints":{"allow":["GET"]}}],"collection":[{"href":"https:\/\/www.teddenizli.k12.tr\/en\/wp-json\/wp\/v2\/posts"}],"about":[{"href":"https:\/\/www.teddenizli.k12.tr\/en\/wp-json\/wp\/v2\/types\/post"}],"author":[{"embeddable":true,"href":"https:\/\/www.teddenizli.k12.tr\/en\/wp-json\/wp\/v2\/users\/14"}],"replies":[{"embeddable":true,"href":"https:\/\/www.teddenizli.k12.tr\/en\/wp-json\/wp\/v2\/comments?post=6284"}],"version-history":[{"count":0,"href":"https:\/\/www.teddenizli.k12.tr\/en\/wp-json\/wp\/v2\/posts\/6284\/revisions"}],"wp:featuredmedia":[{"embeddable":true,"href":"https:\/\/www.teddenizli.k12.tr\/en\/wp-json\/wp\/v2\/media\/6285"}],"wp:attachment":[{"href":"https:\/\/www.teddenizli.k12.tr\/en\/wp-json\/wp\/v2\/media?parent=6284"}],"wp:term":[{"taxonomy":"category","embeddable":true,"href":"https:\/\/www.teddenizli.k12.tr\/en\/wp-json\/wp\/v2\/categories?post=6284"},{"taxonomy":"post_tag","embeddable":true,"href":"https:\/\/www.teddenizli.k12.tr\/en\/wp-json\/wp\/v2\/tags?post=6284"}],"curies":[{"name":"wp","href":"https:\/\/api.w.org\/{rel}","templated":true}]}}