{"id":6255,"date":"2022-12-15T17:19:40","date_gmt":"2022-12-15T14:19:40","guid":{"rendered":"https:\/\/www.teddenizli.k12.tr\/?p=6255"},"modified":"2022-12-15T17:19:40","modified_gmt":"2022-12-15T14:19:40","slug":"tutumluluk-az-seyi-cogaltir-israf-cok-seyi-azaltir","status":"publish","type":"post","link":"https:\/\/www.teddenizli.k12.tr\/en\/tutumluluk-az-seyi-cogaltir-israf-cok-seyi-azaltir\/","title":{"rendered":"TUTUMLULUK AZ \u015eEY\u0130 \u00c7O\u011eALTIR, \u0130SRAF \u00c7OK \u015eEY\u0130 AZALTIR."},"content":{"rendered":"<p>TED Denizli Kolejinde Yerli Mal\u0131 Pazar\u0131 co\u015fkusu ya\u015fand\u0131.<br \/>\n\u00d6\u011frencilerimizin bir k\u0131sm\u0131 kurulan standlarda yerini al\u0131rken di\u011fer \u00f6\u011frencilerimiz s\u0131n\u0131f b\u00fct\u00e7eleri \u00fczerinde planlama ve i\u015f birli\u011fi yaparak pazarda al\u0131\u015fveri\u015fini yapt\u0131.<br \/>\nYerli Mal\u0131 ve Tutum Haftas\u0131\u2019nda yerli mal\u0131 t\u00fcketmenin, do\u011fru t\u00fcketim ve planl\u0131 harcama yapman\u0131n \u00f6nemini bir defa daha ya\u015fayarak kavrayan ve vurgulayan Kolejliler, e\u011flenirken \u00f6\u011frenmenin keyfini \u00e7\u0131kard\u0131.<\/p>\n<p><iframe loading=\"lazy\" style=\"border: none; overflow: hidden;\" src=\"https:\/\/www.facebook.com\/plugins\/post.php?href=https%3A%2F%2Fwww.facebook.com%2Fwp-content%2Fthemes%2Fbethemedenizli%2Fposts%2Fpfbid02staUmV69z91mT6fZkiDQzGAzHhmdM4KiyxTHUaZ1hSxP4BEZAjrxAWPxua6xVvknl&amp;show_text=true&amp;width=500\" width=\"500\" height=\"806\" frameborder=\"0\" scrolling=\"no\" allowfullscreen=\"allowfullscreen\"><\/iframe><\/p>\n","protected":false},"excerpt":{"rendered":"<p>TED Denizli Kolejinde Yerli Mal\u0131 Pazar\u0131 co\u015fkusu ya\u015fand\u0131. \u00d6\u011frencilerimizin bir k\u0131sm\u0131 kurulan standlarda yerini al\u0131rken di\u011fer \u00f6\u011frencilerimiz s\u0131n\u0131f b\u00fct\u00e7eleri \u00fczerinde planlama ve i\u015f birli\u011fi yaparak pazarda<span class=\"excerpt-hellip\"> [\u2026]<\/span><\/p>\n","protected":false},"author":14,"featured_media":6256,"comment_status":"closed","ping_status":"closed","sticky":false,"template":"","format":"standard","meta":{"footnotes":""},"categories":[1],"tags":[18,128,129],"class_list":["post-6255","post","type-post","status-publish","format-standard","has-post-thumbnail","hentry","category-haberler-ve-duyurular","tag-teddenizlikoleji","tag-yerlimali","tag-yerlimalihaftasi"],"_links":{"self":[{"href":"https:\/\/www.teddenizli.k12.tr\/en\/wp-json\/wp\/v2\/posts\/6255","targetHints":{"allow":["GET"]}}],"collection":[{"href":"https:\/\/www.teddenizli.k12.tr\/en\/wp-json\/wp\/v2\/posts"}],"about":[{"href":"https:\/\/www.teddenizli.k12.tr\/en\/wp-json\/wp\/v2\/types\/post"}],"author":[{"embeddable":true,"href":"https:\/\/www.teddenizli.k12.tr\/en\/wp-json\/wp\/v2\/users\/14"}],"replies":[{"embeddable":true,"href":"https:\/\/www.teddenizli.k12.tr\/en\/wp-json\/wp\/v2\/comments?post=6255"}],"version-history":[{"count":0,"href":"https:\/\/www.teddenizli.k12.tr\/en\/wp-json\/wp\/v2\/posts\/6255\/revisions"}],"wp:featuredmedia":[{"embeddable":true,"href":"https:\/\/www.teddenizli.k12.tr\/en\/wp-json\/wp\/v2\/media\/6256"}],"wp:attachment":[{"href":"https:\/\/www.teddenizli.k12.tr\/en\/wp-json\/wp\/v2\/media?parent=6255"}],"wp:term":[{"taxonomy":"category","embeddable":true,"href":"https:\/\/www.teddenizli.k12.tr\/en\/wp-json\/wp\/v2\/categories?post=6255"},{"taxonomy":"post_tag","embeddable":true,"href":"https:\/\/www.teddenizli.k12.tr\/en\/wp-json\/wp\/v2\/tags?post=6255"}],"curies":[{"name":"wp","href":"https:\/\/api.w.org\/{rel}","templated":true}]}}