{"id":6195,"date":"2022-11-25T17:15:55","date_gmt":"2022-11-25T14:15:55","guid":{"rendered":"https:\/\/www.teddenizli.k12.tr\/?p=6195"},"modified":"2022-11-25T17:15:55","modified_gmt":"2022-11-25T14:15:55","slug":"okul-temsilcisi-secimleri-yapildi","status":"publish","type":"post","link":"https:\/\/www.teddenizli.k12.tr\/en\/okul-temsilcisi-secimleri-yapildi\/","title":{"rendered":"OKUL TEMS\u0130LC\u0130S\u0130 SE\u00c7\u0130MLER\u0130 YAPILDI"},"content":{"rendered":"<p>Okul temsilcisi se\u00e7imlerinin \u00f6\u011frencilerimizin demokratik haklar\u0131ndan biri olan oy verme ve kendilerini temsil edecek \u00fcyeleri se\u00e7me becerilerini geli\u015ftirmek ve desteklemek a\u00e7\u0131s\u0131ndan \u00f6nemli oldu\u011funa inan\u0131yoruz. <\/p>\n<p>Bu kapsamda okulumuzda 2022-2023 E\u011fitim \u00d6\u011fretim Y\u0131l\u0131 Okul Temsilcisi se\u00e7imi yap\u0131ld\u0131.<br \/>\nOkul temsilcisi se\u00e7imleri, her s\u0131n\u0131ftan bir s\u0131n\u0131f temsilcisi se\u00e7ilmesi ile ba\u015flad\u0131. <\/p>\n<p>Okul temsilcili\u011fi i\u00e7i aday olan \u00f6\u011frenciler, kendilerini tan\u0131tarak \u00f6\u011fle aras\u0131 ve tenef\u00fcslerde se\u00e7im propagandalar\u0131n\u0131 yapma f\u0131rsat\u0131 buldular.<\/p>\n<p><iframe loading=\"lazy\" src=\"https:\/\/www.facebook.com\/plugins\/post.php?href=https%3A%2F%2Fwww.facebook.com%2Fwp-content%2Fthemes%2Fbethemedenizli%2Fposts%2Fpfbid0298J8aafyxPDqrqZThncLomdUfUCKymHbJnH11cn2gqgccVPoLoeP15MKq3e1qgS3l&#038;show_text=true&#038;width=500\" width=\"500\" height=\"787\" style=\"border:none;overflow:hidden\" scrolling=\"no\" frameborder=\"0\" allowfullscreen=\"true\" allow=\"autoplay; clipboard-write; encrypted-media; picture-in-picture; web-share\"><\/iframe><\/p>\n","protected":false},"excerpt":{"rendered":"<p>Okul temsilcisi se\u00e7imlerinin \u00f6\u011frencilerimizin demokratik haklar\u0131ndan biri olan oy verme ve kendilerini temsil edecek \u00fcyeleri se\u00e7me becerilerini geli\u015ftirmek ve desteklemek a\u00e7\u0131s\u0131ndan \u00f6nemli oldu\u011funa inan\u0131yoruz. Bu kapsamda<span class=\"excerpt-hellip\"> [\u2026]<\/span><\/p>\n","protected":false},"author":14,"featured_media":6198,"comment_status":"closed","ping_status":"closed","sticky":false,"template":"","format":"standard","meta":{"footnotes":""},"categories":[1],"tags":[119,120],"class_list":["post-6195","post","type-post","status-publish","format-standard","has-post-thumbnail","hentry","category-haberler-ve-duyurular","tag-egitim","tag-secim"],"_links":{"self":[{"href":"https:\/\/www.teddenizli.k12.tr\/en\/wp-json\/wp\/v2\/posts\/6195","targetHints":{"allow":["GET"]}}],"collection":[{"href":"https:\/\/www.teddenizli.k12.tr\/en\/wp-json\/wp\/v2\/posts"}],"about":[{"href":"https:\/\/www.teddenizli.k12.tr\/en\/wp-json\/wp\/v2\/types\/post"}],"author":[{"embeddable":true,"href":"https:\/\/www.teddenizli.k12.tr\/en\/wp-json\/wp\/v2\/users\/14"}],"replies":[{"embeddable":true,"href":"https:\/\/www.teddenizli.k12.tr\/en\/wp-json\/wp\/v2\/comments?post=6195"}],"version-history":[{"count":0,"href":"https:\/\/www.teddenizli.k12.tr\/en\/wp-json\/wp\/v2\/posts\/6195\/revisions"}],"wp:featuredmedia":[{"embeddable":true,"href":"https:\/\/www.teddenizli.k12.tr\/en\/wp-json\/wp\/v2\/media\/6198"}],"wp:attachment":[{"href":"https:\/\/www.teddenizli.k12.tr\/en\/wp-json\/wp\/v2\/media?parent=6195"}],"wp:term":[{"taxonomy":"category","embeddable":true,"href":"https:\/\/www.teddenizli.k12.tr\/en\/wp-json\/wp\/v2\/categories?post=6195"},{"taxonomy":"post_tag","embeddable":true,"href":"https:\/\/www.teddenizli.k12.tr\/en\/wp-json\/wp\/v2\/tags?post=6195"}],"curies":[{"name":"wp","href":"https:\/\/api.w.org\/{rel}","templated":true}]}}