{"id":6183,"date":"2022-11-09T14:37:58","date_gmt":"2022-11-09T11:37:58","guid":{"rendered":"https:\/\/www.teddenizli.k12.tr\/?p=6183"},"modified":"2022-11-09T14:37:58","modified_gmt":"2022-11-09T11:37:58","slug":"ozlemle-aniyoruz","status":"publish","type":"post","link":"https:\/\/www.teddenizli.k12.tr\/en\/ozlemle-aniyoruz\/","title":{"rendered":"\u00d6ZLEMLE ANIYORUZ"},"content":{"rendered":"<p>Fikirlerimiz fikirlerinle, Vicdan\u0131m\u0131z sesinle, Kalbimiz seninle ya\u015f\u0131yor.. \u267e<\/p>\n<p>10 Kas\u0131m, Gazi Mustafa Kemal ATAT\u00dcRK<\/p>\n<p><iframe loading=\"lazy\" title=\"TED Denizli Koleji - 10 Kas\u0131m\" src=\"https:\/\/www.youtube.com\/embed\/8I4uq4M1hDY\" width=\"727\" height=\"409\" frameborder=\"0\" allowfullscreen=\"allowfullscreen\"><\/iframe><\/p>\n","protected":false},"excerpt":{"rendered":"<p>Fikirlerimiz fikirlerinle, Vicdan\u0131m\u0131z sesinle, Kalbimiz seninle ya\u015f\u0131yor.. \u267e 10 Kas\u0131m, Gazi Mustafa Kemal ATAT\u00dcRK<\/p>\n","protected":false},"author":14,"featured_media":6185,"comment_status":"closed","ping_status":"closed","sticky":false,"template":"","format":"standard","meta":{"footnotes":""},"categories":[1],"tags":[118,18],"class_list":["post-6183","post","type-post","status-publish","format-standard","has-post-thumbnail","hentry","category-haberler-ve-duyurular","tag-10kasim1938","tag-teddenizlikoleji"],"_links":{"self":[{"href":"https:\/\/www.teddenizli.k12.tr\/en\/wp-json\/wp\/v2\/posts\/6183","targetHints":{"allow":["GET"]}}],"collection":[{"href":"https:\/\/www.teddenizli.k12.tr\/en\/wp-json\/wp\/v2\/posts"}],"about":[{"href":"https:\/\/www.teddenizli.k12.tr\/en\/wp-json\/wp\/v2\/types\/post"}],"author":[{"embeddable":true,"href":"https:\/\/www.teddenizli.k12.tr\/en\/wp-json\/wp\/v2\/users\/14"}],"replies":[{"embeddable":true,"href":"https:\/\/www.teddenizli.k12.tr\/en\/wp-json\/wp\/v2\/comments?post=6183"}],"version-history":[{"count":0,"href":"https:\/\/www.teddenizli.k12.tr\/en\/wp-json\/wp\/v2\/posts\/6183\/revisions"}],"wp:featuredmedia":[{"embeddable":true,"href":"https:\/\/www.teddenizli.k12.tr\/en\/wp-json\/wp\/v2\/media\/6185"}],"wp:attachment":[{"href":"https:\/\/www.teddenizli.k12.tr\/en\/wp-json\/wp\/v2\/media?parent=6183"}],"wp:term":[{"taxonomy":"category","embeddable":true,"href":"https:\/\/www.teddenizli.k12.tr\/en\/wp-json\/wp\/v2\/categories?post=6183"},{"taxonomy":"post_tag","embeddable":true,"href":"https:\/\/www.teddenizli.k12.tr\/en\/wp-json\/wp\/v2\/tags?post=6183"}],"curies":[{"name":"wp","href":"https:\/\/api.w.org\/{rel}","templated":true}]}}