{"id":6174,"date":"2022-11-01T14:53:07","date_gmt":"2022-11-01T11:53:07","guid":{"rendered":"https:\/\/www.teddenizli.k12.tr\/?p=6174"},"modified":"2022-11-01T14:53:07","modified_gmt":"2022-11-01T11:53:07","slug":"ted-denizli-koleji-29-ekim-cumhuriyet-bayrami","status":"publish","type":"post","link":"https:\/\/www.teddenizli.k12.tr\/en\/ted-denizli-koleji-29-ekim-cumhuriyet-bayrami\/","title":{"rendered":"TED DEN\u0130ZL\u0130 KOLEJ\u0130 29 EK\u0130M CUMHUR\u0130YET BAYRAMI"},"content":{"rendered":"<p>Cumhuriyet Bayram\u0131&#8217;n\u0131n 99. y\u0131ld\u00f6n\u00fcm\u00fc g\u00f6sterisi d\u00fczenlendi.<\/p>\n<p>29 Ekim Cumhuriyet Bayram\u0131 G\u00f6sterisi &#8211; TED Denizli Koleji<\/p>\n<p><iframe loading=\"lazy\" style=\"border: none; overflow: hidden;\" src=\"https:\/\/www.facebook.com\/plugins\/post.php?href=https%3A%2F%2Fwww.facebook.com%2Fwp-content%2Fthemes%2Fbethemedenizli%2Fposts%2Fpfbid0pt35HCpdBrMbNwwyLqKAwPKUQkNHs3GpUjtrjbe5o4C3BzuhQyp36mRC4FMT6EWvl&amp;show_text=true&amp;width=500\" width=\"500\" height=\"671\" frameborder=\"0\" scrolling=\"no\" allowfullscreen=\"allowfullscreen\"><\/iframe><\/p>\n","protected":false},"excerpt":{"rendered":"<p>Cumhuriyet Bayram\u0131&#8217;n\u0131n 99. y\u0131ld\u00f6n\u00fcm\u00fc g\u00f6sterisi d\u00fczenlendi. 29 Ekim Cumhuriyet Bayram\u0131 G\u00f6sterisi &#8211; TED Denizli Koleji<\/p>\n","protected":false},"author":14,"featured_media":6175,"comment_status":"closed","ping_status":"closed","sticky":false,"template":"","format":"standard","meta":{"footnotes":""},"categories":[1],"tags":[113,115,18],"class_list":["post-6174","post","type-post","status-publish","format-standard","has-post-thumbnail","hentry","category-haberler-ve-duyurular","tag-29ekim","tag-cumhuriyetbayrami","tag-teddenizlikoleji"],"_links":{"self":[{"href":"https:\/\/www.teddenizli.k12.tr\/en\/wp-json\/wp\/v2\/posts\/6174","targetHints":{"allow":["GET"]}}],"collection":[{"href":"https:\/\/www.teddenizli.k12.tr\/en\/wp-json\/wp\/v2\/posts"}],"about":[{"href":"https:\/\/www.teddenizli.k12.tr\/en\/wp-json\/wp\/v2\/types\/post"}],"author":[{"embeddable":true,"href":"https:\/\/www.teddenizli.k12.tr\/en\/wp-json\/wp\/v2\/users\/14"}],"replies":[{"embeddable":true,"href":"https:\/\/www.teddenizli.k12.tr\/en\/wp-json\/wp\/v2\/comments?post=6174"}],"version-history":[{"count":0,"href":"https:\/\/www.teddenizli.k12.tr\/en\/wp-json\/wp\/v2\/posts\/6174\/revisions"}],"wp:featuredmedia":[{"embeddable":true,"href":"https:\/\/www.teddenizli.k12.tr\/en\/wp-json\/wp\/v2\/media\/6175"}],"wp:attachment":[{"href":"https:\/\/www.teddenizli.k12.tr\/en\/wp-json\/wp\/v2\/media?parent=6174"}],"wp:term":[{"taxonomy":"category","embeddable":true,"href":"https:\/\/www.teddenizli.k12.tr\/en\/wp-json\/wp\/v2\/categories?post=6174"},{"taxonomy":"post_tag","embeddable":true,"href":"https:\/\/www.teddenizli.k12.tr\/en\/wp-json\/wp\/v2\/tags?post=6174"}],"curies":[{"name":"wp","href":"https:\/\/api.w.org\/{rel}","templated":true}]}}