{"id":6166,"date":"2022-10-31T10:50:52","date_gmt":"2022-10-31T07:50:52","guid":{"rendered":"https:\/\/www.teddenizli.k12.tr\/?p=6166"},"modified":"2022-10-31T10:50:52","modified_gmt":"2022-10-31T07:50:52","slug":"biz-cumhuriyeti-oyle-sevdik-ki","status":"publish","type":"post","link":"https:\/\/www.teddenizli.k12.tr\/en\/biz-cumhuriyeti-oyle-sevdik-ki\/","title":{"rendered":"B\u0130Z CUMHUR\u0130YET\u0130 \u00d6YLE SEVD\u0130K K\u0130"},"content":{"rendered":"<p>Kuruldu\u011fumuz g\u00fcnden bu yana de\u011fi\u015fmeyen tek \u015fey var: E\u011fitimden sanata her alanda \u00f6nc\u00fc olmak.<br \/>\nYapt\u0131\u011f\u0131m\u0131z i\u015flerle gurur duyuyoruz, yapt\u0131klar\u0131m\u0131z\u0131 on binlere anlatt\u0131k\u00e7a bununla daha da gurur duyuyoruz.<br \/>\nT\u00fcrk E\u011fitim Derne\u011finin alt\u0131ndaki imza tarihe ve bu \u00fclkenin gelece\u011fine at\u0131lm\u0131\u015f bir imzad\u0131r.<\/p>\n<p>B\u0130Z CUMHUR\u0130YET\u0130 \u00d6YLE SEVD\u0130K K\u0130 DE\u011eERLER\u0130N\u0130, K\u0130M\u0130M\u0130Z ADIMIZDA AMA HEP\u0130M\u0130Z KALB\u0130M\u0130ZDE TA\u015eIYORUZ.<\/p>\n<p><iframe loading=\"lazy\" title=\"B\u0130Z CUMHUR\u0130YET\u0130 \u00d6YLE SEVD\u0130K K\u0130\" src=\"https:\/\/www.youtube.com\/embed\/OvRubLWRCSI\" width=\"727\" height=\"409\" frameborder=\"0\" allowfullscreen=\"allowfullscreen\"><\/iframe><\/p>\n","protected":false},"excerpt":{"rendered":"<p>Kuruldu\u011fumuz g\u00fcnden bu yana de\u011fi\u015fmeyen tek \u015fey var: E\u011fitimden sanata her alanda \u00f6nc\u00fc olmak. Yapt\u0131\u011f\u0131m\u0131z i\u015flerle gurur duyuyoruz, yapt\u0131klar\u0131m\u0131z\u0131 on binlere anlatt\u0131k\u00e7a bununla daha da gurur<span class=\"excerpt-hellip\"> [\u2026]<\/span><\/p>\n","protected":false},"author":14,"featured_media":6167,"comment_status":"closed","ping_status":"closed","sticky":false,"template":"","format":"standard","meta":{"footnotes":""},"categories":[1],"tags":[113,114],"class_list":["post-6166","post","type-post","status-publish","format-standard","has-post-thumbnail","hentry","category-haberler-ve-duyurular","tag-29ekim","tag-cumhuriyet"],"_links":{"self":[{"href":"https:\/\/www.teddenizli.k12.tr\/en\/wp-json\/wp\/v2\/posts\/6166","targetHints":{"allow":["GET"]}}],"collection":[{"href":"https:\/\/www.teddenizli.k12.tr\/en\/wp-json\/wp\/v2\/posts"}],"about":[{"href":"https:\/\/www.teddenizli.k12.tr\/en\/wp-json\/wp\/v2\/types\/post"}],"author":[{"embeddable":true,"href":"https:\/\/www.teddenizli.k12.tr\/en\/wp-json\/wp\/v2\/users\/14"}],"replies":[{"embeddable":true,"href":"https:\/\/www.teddenizli.k12.tr\/en\/wp-json\/wp\/v2\/comments?post=6166"}],"version-history":[{"count":0,"href":"https:\/\/www.teddenizli.k12.tr\/en\/wp-json\/wp\/v2\/posts\/6166\/revisions"}],"wp:featuredmedia":[{"embeddable":true,"href":"https:\/\/www.teddenizli.k12.tr\/en\/wp-json\/wp\/v2\/media\/6167"}],"wp:attachment":[{"href":"https:\/\/www.teddenizli.k12.tr\/en\/wp-json\/wp\/v2\/media?parent=6166"}],"wp:term":[{"taxonomy":"category","embeddable":true,"href":"https:\/\/www.teddenizli.k12.tr\/en\/wp-json\/wp\/v2\/categories?post=6166"},{"taxonomy":"post_tag","embeddable":true,"href":"https:\/\/www.teddenizli.k12.tr\/en\/wp-json\/wp\/v2\/tags?post=6166"}],"curies":[{"name":"wp","href":"https:\/\/api.w.org\/{rel}","templated":true}]}}