{"id":6149,"date":"2022-10-12T13:54:18","date_gmt":"2022-10-12T10:54:18","guid":{"rendered":"https:\/\/www.teddenizli.k12.tr\/?p=6149"},"modified":"2022-10-12T13:54:18","modified_gmt":"2022-10-12T10:54:18","slug":"funcional-kids","status":"publish","type":"post","link":"https:\/\/www.teddenizli.k12.tr\/en\/funcional-kids\/","title":{"rendered":"FUNCIONAL KIDS"},"content":{"rendered":"<p>TED Denizli Koleji Beden E\u011fitimi ders programlar\u0131, Funcional Kids program\u0131yla birle\u015ftirilerek uygulanmaktad\u0131r.<\/p>\n<p>\u00d6\u011frencilerimizin fiziksel uygunluklar\u0131n\u0131n test edildi\u011fi, kuvvet, dayan\u0131kl\u0131l\u0131k, s\u00fcrat gibi temel motorik \u00f6zellikleri geli\u015ftirmeye y\u00f6nelik \u00e7al\u0131\u015fmalar yap\u0131larak fiziksel uygunlu\u011fu geli\u015ftirmek, grup \u00e7al\u0131\u015fmas\u0131 ve grup dinami\u011fi fakt\u00f6rlerinin oyun yolu ile \u00f6\u011frenilmesi ama\u00e7lanmaktad\u0131r.<\/p>\n<p><iframe loading=\"lazy\" style=\"border: none; overflow: hidden;\" src=\"https:\/\/www.facebook.com\/plugins\/video.php?height=314&amp;href=https%3A%2F%2Fwww.facebook.com%2Fwp-content%2Fthemes%2Fbethemedenizli%2Fvideos%2F850126496008719%2F&amp;show_text=false&amp;width=560&amp;t=0\" width=\"560\" height=\"314\" frameborder=\"0\" scrolling=\"no\" allowfullscreen=\"allowfullscreen\"><\/iframe><\/p>\n","protected":false},"excerpt":{"rendered":"<p>TED Denizli Koleji Beden E\u011fitimi ders programlar\u0131, Funcional Kids program\u0131yla birle\u015ftirilerek uygulanmaktad\u0131r. \u00d6\u011frencilerimizin fiziksel uygunluklar\u0131n\u0131n test edildi\u011fi, kuvvet, dayan\u0131kl\u0131l\u0131k, s\u00fcrat gibi temel motorik \u00f6zellikleri geli\u015ftirmeye y\u00f6nelik<span class=\"excerpt-hellip\"> [\u2026]<\/span><\/p>\n","protected":false},"author":14,"featured_media":6150,"comment_status":"closed","ping_status":"closed","sticky":false,"template":"","format":"standard","meta":{"footnotes":""},"categories":[1],"tags":[111,110,18],"class_list":["post-6149","post","type-post","status-publish","format-standard","has-post-thumbnail","hentry","category-haberler-ve-duyurular","tag-bedenegitimi","tag-funcionalkids","tag-teddenizlikoleji"],"_links":{"self":[{"href":"https:\/\/www.teddenizli.k12.tr\/en\/wp-json\/wp\/v2\/posts\/6149","targetHints":{"allow":["GET"]}}],"collection":[{"href":"https:\/\/www.teddenizli.k12.tr\/en\/wp-json\/wp\/v2\/posts"}],"about":[{"href":"https:\/\/www.teddenizli.k12.tr\/en\/wp-json\/wp\/v2\/types\/post"}],"author":[{"embeddable":true,"href":"https:\/\/www.teddenizli.k12.tr\/en\/wp-json\/wp\/v2\/users\/14"}],"replies":[{"embeddable":true,"href":"https:\/\/www.teddenizli.k12.tr\/en\/wp-json\/wp\/v2\/comments?post=6149"}],"version-history":[{"count":0,"href":"https:\/\/www.teddenizli.k12.tr\/en\/wp-json\/wp\/v2\/posts\/6149\/revisions"}],"wp:featuredmedia":[{"embeddable":true,"href":"https:\/\/www.teddenizli.k12.tr\/en\/wp-json\/wp\/v2\/media\/6150"}],"wp:attachment":[{"href":"https:\/\/www.teddenizli.k12.tr\/en\/wp-json\/wp\/v2\/media?parent=6149"}],"wp:term":[{"taxonomy":"category","embeddable":true,"href":"https:\/\/www.teddenizli.k12.tr\/en\/wp-json\/wp\/v2\/categories?post=6149"},{"taxonomy":"post_tag","embeddable":true,"href":"https:\/\/www.teddenizli.k12.tr\/en\/wp-json\/wp\/v2\/tags?post=6149"}],"curies":[{"name":"wp","href":"https:\/\/api.w.org\/{rel}","templated":true}]}}