{"id":6124,"date":"2022-09-27T17:13:11","date_gmt":"2022-09-27T14:13:11","guid":{"rendered":"https:\/\/www.teddenizli.k12.tr\/?p=6124"},"modified":"2022-09-27T17:13:11","modified_gmt":"2022-09-27T14:13:11","slug":"cevrecilik-ve-yenilenebilirlikle-surdurulebilir-kalite","status":"publish","type":"post","link":"https:\/\/www.teddenizli.k12.tr\/en\/cevrecilik-ve-yenilenebilirlikle-surdurulebilir-kalite\/","title":{"rendered":"\u00c7EVREC\u0130L\u0130K VE YEN\u0130LENEB\u0130L\u0130RL\u0130KLE S\u00dcRD\u00dcR\u00dcLEB\u0130L\u0130R KAL\u0130TE"},"content":{"rendered":"<p>TED Denizli Koleji elektrik enerjisi ihtiyac\u0131n\u0131, \u00e7at\u0131s\u0131na kurdu\u011fu g\u00fcne\u015f enerjisi santrali ile kar\u015f\u0131l\u0131yor. 18 adet inverterden olu\u015fan GES, yakla\u015f\u0131k 713 MWh (megawatt-saat) \u00fcretim kapasitesine sahip. <\/p>\n<p>524 watt kurulu panel g\u00fcc\u00fcm\u00fczle okulumuzun t\u00fcm elektrik enerjisi ihtiyac\u0131n\u0131 kar\u015f\u0131l\u0131yor, fazlas\u0131n\u0131 \u015fehir \u015febekesine aktar\u0131yoruz.<br \/>\nYenilenebilir enerji tercihiyle do\u011fay\u0131 koruyan TED Denizli Koleji, bu yat\u0131r\u0131mla \u00fclke ekonomisine de katk\u0131 sunuyor.<\/p>\n<p>TED Denizli Koleji, GES sayesinde y\u0131lda 217 bin 433 kg\u2019dan fazla karbondioksit sal\u0131n\u0131m\u0131n\u0131n \u00f6n\u00fcne ge\u00e7iyor. Bilimsel veriler olgun bir a\u011fac\u0131n y\u0131lda 22 kilogram karbondioksiti oksijene \u00e7evirdi\u011fine i\u015faret ediyor. Bu veriden yola \u00e7\u0131karak sadece TED Denizli Koleji\u2019nin do\u011faya bir orman kadar katk\u0131 sa\u011flad\u0131\u011f\u0131n\u0131 s\u00f6ylemek m\u00fcmk\u00fcn.<\/p>\n<p>TED Denizli Koleji, biyolojik ar\u0131tma tesisiyle de \u00e7evre duyarl\u0131l\u0131\u011f\u0131nda fark\u0131n\u0131 ortaya koyuyor. G\u00fcnl\u00fck 65 metrek\u00fcp kapasiteye sahip biyolojik at\u0131k su ar\u0131tma tesisimiz ile at\u0131k suyumuzu ar\u0131t\u0131yoruz. D\u00fczenli analizlerle s\u0131k\u0131 bir \u015fekilde kontrol etti\u011fimiz ar\u0131tma tesisimizde temizlenen at\u0131k su sayesinde okul bah\u00e7emizde olu\u015fturdu\u011fumuz seralarda sebze ve meyve \u00fcretimi yap\u0131yoruz. Seralar\u0131n yan\u0131 s\u0131ra bah\u00e7e sulamas\u0131nda da kulland\u0131\u011f\u0131m\u0131z at\u0131k suyun ihtiya\u00e7 fazlas\u0131n\u0131 ise do\u011faya sal\u0131yoruz.<\/p>\n<p><iframe loading=\"lazy\" src=\"https:\/\/www.facebook.com\/plugins\/post.php?href=https%3A%2F%2Fwww.facebook.com%2Fwp-content%2Fthemes%2Fbethemedenizli%2Fposts%2Fpfbid02RmMQVDNWUNDrmVkp6YsxayiTnTeUpCPPcpwAc2sxr9qNbPU4UJvd1ag2ZNugGCyNl&#038;show_text=true&#038;width=500\" width=\"500\" height=\"754\" style=\"border:none;overflow:hidden\" scrolling=\"no\" frameborder=\"0\" allowfullscreen=\"true\" allow=\"autoplay; clipboard-write; encrypted-media; picture-in-picture; web-share\"><\/iframe><\/p>\n","protected":false},"excerpt":{"rendered":"<p>TED Denizli Koleji elektrik enerjisi ihtiyac\u0131n\u0131, \u00e7at\u0131s\u0131na kurdu\u011fu g\u00fcne\u015f enerjisi santrali ile kar\u015f\u0131l\u0131yor. 18 adet inverterden olu\u015fan GES, yakla\u015f\u0131k 713 MWh (megawatt-saat) \u00fcretim kapasitesine sahip. 524<span class=\"excerpt-hellip\"> [\u2026]<\/span><\/p>\n","protected":false},"author":14,"featured_media":6127,"comment_status":"closed","ping_status":"closed","sticky":false,"template":"","format":"standard","meta":{"footnotes":""},"categories":[1],"tags":[107,108,102],"class_list":["post-6124","post","type-post","status-publish","format-standard","has-post-thumbnail","hentry","category-haberler-ve-duyurular","tag-enerji","tag-gunesenerjisi","tag-uretim"],"_links":{"self":[{"href":"https:\/\/www.teddenizli.k12.tr\/en\/wp-json\/wp\/v2\/posts\/6124","targetHints":{"allow":["GET"]}}],"collection":[{"href":"https:\/\/www.teddenizli.k12.tr\/en\/wp-json\/wp\/v2\/posts"}],"about":[{"href":"https:\/\/www.teddenizli.k12.tr\/en\/wp-json\/wp\/v2\/types\/post"}],"author":[{"embeddable":true,"href":"https:\/\/www.teddenizli.k12.tr\/en\/wp-json\/wp\/v2\/users\/14"}],"replies":[{"embeddable":true,"href":"https:\/\/www.teddenizli.k12.tr\/en\/wp-json\/wp\/v2\/comments?post=6124"}],"version-history":[{"count":0,"href":"https:\/\/www.teddenizli.k12.tr\/en\/wp-json\/wp\/v2\/posts\/6124\/revisions"}],"wp:featuredmedia":[{"embeddable":true,"href":"https:\/\/www.teddenizli.k12.tr\/en\/wp-json\/wp\/v2\/media\/6127"}],"wp:attachment":[{"href":"https:\/\/www.teddenizli.k12.tr\/en\/wp-json\/wp\/v2\/media?parent=6124"}],"wp:term":[{"taxonomy":"category","embeddable":true,"href":"https:\/\/www.teddenizli.k12.tr\/en\/wp-json\/wp\/v2\/categories?post=6124"},{"taxonomy":"post_tag","embeddable":true,"href":"https:\/\/www.teddenizli.k12.tr\/en\/wp-json\/wp\/v2\/tags?post=6124"}],"curies":[{"name":"wp","href":"https:\/\/api.w.org\/{rel}","templated":true}]}}