{"id":6117,"date":"2022-09-23T14:00:53","date_gmt":"2022-09-23T11:00:53","guid":{"rendered":"https:\/\/www.teddenizli.k12.tr\/?p=6117"},"modified":"2022-09-23T14:02:13","modified_gmt":"2022-09-23T11:02:13","slug":"minik-eller-is-basinda","status":"publish","type":"post","link":"https:\/\/www.teddenizli.k12.tr\/en\/minik-eller-is-basinda\/","title":{"rendered":"M\u0130N\u0130K ELLER \u0130\u015e BA\u015eINDA"},"content":{"rendered":"<p style=\"text-align: left;\">Okullar\u0131m\u0131z\u0131n a\u00e7\u0131ld\u0131\u011f\u0131 g\u00fcnden bu yana, \u201cMerakl\u0131 Bayku\u015f Soru Kesesi\u201d projesi do\u011frultusunda \u00e7ocuklar\u0131m\u0131z ve \u00f6\u011fretmenlerimiz ile birlikte \u00fcretim, giri\u015fim, kooperatif, kad\u0131n ve emekleri \u00fczerinde payla\u015f\u0131mlarda bulunmaktay\u0131z. \u00c7ocuklar\u0131m\u0131z\u0131n bu giri\u015fimlerle ilgili fark\u0131ndal\u0131klar\u0131n\u0131 olu\u015fturmak i\u00e7in, Bozkurt Kad\u0131n Kooperatifi ile i\u015f birli\u011fi yaparak, s\u00fcrecimizi derinle\u015ftirdik.<br \/>\nBu s\u00fcrece Bozkurt Belediye Ba\u015fkan\u0131 Birsen \u00c7elik, \u201cBu \u0130\u015fte Bir Umut Var\u201d ve Bozkurt Kad\u0131nlar\u0131n\u0131 konu alan \u201cNarperi\u2019nin Bilezi\u011fi\u201d belgesellerini \u00e7eken Jale \u0130ncekol ve de\u011ferli sanat y\u00f6netmeni Ayla \u0130ncekol da bize zaman ay\u0131rarak okulumuza geldiler. \u00c7ocuklar\u0131m\u0131zla tan\u0131\u015farak keyifli bir s\u00f6yle\u015fi ger\u00e7ekle\u015ftirdiler. Bozkurt Kad\u0131n Kooperatifi kad\u0131nlar\u0131 da \u00e7ocuklar\u0131m\u0131za destek ama\u00e7l\u0131, \u00e7ocuklar\u0131m\u0131z\u0131n \u201csoru kesesi\u201d \u00fcretimine destek oldular\ud83d\ude0aMinik ellerle i\u015f ba\u015f\u0131ndalard\u0131 bug\u00fcn\u2026<\/p>\n<p style=\"text-align: center;\"><iframe loading=\"lazy\" style=\"border: none; overflow: hidden;\" src=\"https:\/\/www.facebook.com\/plugins\/post.php?href=https%3A%2F%2Fwww.facebook.com%2Fwp-content%2Fthemes%2Fbethemedenizli%2Fposts%2Fpfbid0xaMcBHAHn8gV2Xz67CgBE3g75tTZiEUs9wxjHZGwSESDbqRn1qX4VvWxq4wvio71l&amp;show_text=true&amp;width=500\" width=\"500\" height=\"761\" frameborder=\"0\" scrolling=\"no\" allowfullscreen=\"allowfullscreen\"><\/iframe><\/p>\n","protected":false},"excerpt":{"rendered":"<p>Okullar\u0131m\u0131z\u0131n a\u00e7\u0131ld\u0131\u011f\u0131 g\u00fcnden bu yana, \u201cMerakl\u0131 Bayku\u015f Soru Kesesi\u201d projesi do\u011frultusunda \u00e7ocuklar\u0131m\u0131z ve \u00f6\u011fretmenlerimiz ile birlikte \u00fcretim, giri\u015fim, kooperatif, kad\u0131n ve emekleri \u00fczerinde payla\u015f\u0131mlarda bulunmaktay\u0131z. \u00c7ocuklar\u0131m\u0131z\u0131n<span class=\"excerpt-hellip\"> [\u2026]<\/span><\/p>\n","protected":false},"author":14,"featured_media":6118,"comment_status":"closed","ping_status":"closed","sticky":false,"template":"","format":"standard","meta":{"footnotes":""},"categories":[1],"tags":[106,103,105,104,99,18,102],"class_list":["post-6117","post","type-post","status-publish","format-standard","has-post-thumbnail","hentry","category-haberler-ve-duyurular","tag-emek","tag-girisim","tag-kadin","tag-kooperatif","tag-minikeller","tag-teddenizlikoleji","tag-uretim"],"_links":{"self":[{"href":"https:\/\/www.teddenizli.k12.tr\/en\/wp-json\/wp\/v2\/posts\/6117","targetHints":{"allow":["GET"]}}],"collection":[{"href":"https:\/\/www.teddenizli.k12.tr\/en\/wp-json\/wp\/v2\/posts"}],"about":[{"href":"https:\/\/www.teddenizli.k12.tr\/en\/wp-json\/wp\/v2\/types\/post"}],"author":[{"embeddable":true,"href":"https:\/\/www.teddenizli.k12.tr\/en\/wp-json\/wp\/v2\/users\/14"}],"replies":[{"embeddable":true,"href":"https:\/\/www.teddenizli.k12.tr\/en\/wp-json\/wp\/v2\/comments?post=6117"}],"version-history":[{"count":0,"href":"https:\/\/www.teddenizli.k12.tr\/en\/wp-json\/wp\/v2\/posts\/6117\/revisions"}],"wp:featuredmedia":[{"embeddable":true,"href":"https:\/\/www.teddenizli.k12.tr\/en\/wp-json\/wp\/v2\/media\/6118"}],"wp:attachment":[{"href":"https:\/\/www.teddenizli.k12.tr\/en\/wp-json\/wp\/v2\/media?parent=6117"}],"wp:term":[{"taxonomy":"category","embeddable":true,"href":"https:\/\/www.teddenizli.k12.tr\/en\/wp-json\/wp\/v2\/categories?post=6117"},{"taxonomy":"post_tag","embeddable":true,"href":"https:\/\/www.teddenizli.k12.tr\/en\/wp-json\/wp\/v2\/tags?post=6117"}],"curies":[{"name":"wp","href":"https:\/\/api.w.org\/{rel}","templated":true}]}}