{"id":6111,"date":"2022-09-09T16:37:01","date_gmt":"2022-09-09T13:37:01","guid":{"rendered":"https:\/\/www.teddenizli.k12.tr\/?p=6111"},"modified":"2022-09-09T16:37:01","modified_gmt":"2022-09-09T13:37:01","slug":"simdi-ilkokullu-oldular","status":"publish","type":"post","link":"https:\/\/www.teddenizli.k12.tr\/en\/simdi-ilkokullu-oldular\/","title":{"rendered":"\u015e\u0130MD\u0130 \u0130LKOKULLU OLDULAR"},"content":{"rendered":"<h4>\u0130lkokul 1. s\u0131n\u0131fta s\u0131n\u0131flar\u0131 ne\u015feleri ve co\u015fkular\u0131yla dolduran \u00f6\u011frencilerimiz, harika arkada\u015fl\u0131klarla yola koyuldu. Uyum s\u00fcrecini tamamlayan TED Denizli Koleji \u00f6\u011frencileri yeni bir d\u00f6neme ba\u015flaman\u0131n heyecan\u0131 i\u00e7erisinde.<\/h4>\n<p><iframe loading=\"lazy\" title=\"\u015e\u0130MD\u0130 \u0130LKOKULLU OLDULAR\" src=\"https:\/\/www.youtube.com\/embed\/NeSBiRLEc5M\" width=\"727\" height=\"409\" frameborder=\"0\" allowfullscreen=\"allowfullscreen\"><\/iframe><\/p>\n","protected":false},"excerpt":{"rendered":"<p>\u0130lkokul 1. s\u0131n\u0131fta s\u0131n\u0131flar\u0131 ne\u015feleri ve co\u015fkular\u0131yla dolduran \u00f6\u011frencilerimiz, harika arkada\u015fl\u0131klarla yola koyuldu. Uyum s\u00fcrecini tamamlayan TED Denizli Koleji \u00f6\u011frencileri yeni bir d\u00f6neme ba\u015flaman\u0131n heyecan\u0131 i\u00e7erisinde.<\/p>\n","protected":false},"author":14,"featured_media":6112,"comment_status":"closed","ping_status":"closed","sticky":false,"template":"","format":"standard","meta":{"footnotes":""},"categories":[1],"tags":[97,64,45,51,18,91,98],"class_list":["post-6111","post","type-post","status-publish","format-standard","has-post-thumbnail","hentry","category-haberler-ve-duyurular","tag-anaokul","tag-ilkokul","tag-lise","tag-ortaokul","tag-teddenizlikoleji","tag-uyumhaftasi","tag-uyumhaftasietkinlikleri"],"_links":{"self":[{"href":"https:\/\/www.teddenizli.k12.tr\/en\/wp-json\/wp\/v2\/posts\/6111","targetHints":{"allow":["GET"]}}],"collection":[{"href":"https:\/\/www.teddenizli.k12.tr\/en\/wp-json\/wp\/v2\/posts"}],"about":[{"href":"https:\/\/www.teddenizli.k12.tr\/en\/wp-json\/wp\/v2\/types\/post"}],"author":[{"embeddable":true,"href":"https:\/\/www.teddenizli.k12.tr\/en\/wp-json\/wp\/v2\/users\/14"}],"replies":[{"embeddable":true,"href":"https:\/\/www.teddenizli.k12.tr\/en\/wp-json\/wp\/v2\/comments?post=6111"}],"version-history":[{"count":0,"href":"https:\/\/www.teddenizli.k12.tr\/en\/wp-json\/wp\/v2\/posts\/6111\/revisions"}],"wp:featuredmedia":[{"embeddable":true,"href":"https:\/\/www.teddenizli.k12.tr\/en\/wp-json\/wp\/v2\/media\/6112"}],"wp:attachment":[{"href":"https:\/\/www.teddenizli.k12.tr\/en\/wp-json\/wp\/v2\/media?parent=6111"}],"wp:term":[{"taxonomy":"category","embeddable":true,"href":"https:\/\/www.teddenizli.k12.tr\/en\/wp-json\/wp\/v2\/categories?post=6111"},{"taxonomy":"post_tag","embeddable":true,"href":"https:\/\/www.teddenizli.k12.tr\/en\/wp-json\/wp\/v2\/tags?post=6111"}],"curies":[{"name":"wp","href":"https:\/\/api.w.org\/{rel}","templated":true}]}}