{"id":6108,"date":"2022-09-09T11:42:11","date_gmt":"2022-09-09T08:42:11","guid":{"rendered":"https:\/\/www.teddenizli.k12.tr\/?p=6108"},"modified":"2022-09-09T11:42:11","modified_gmt":"2022-09-09T08:42:11","slug":"okuma-kulturu","status":"publish","type":"post","link":"https:\/\/www.teddenizli.k12.tr\/en\/okuma-kulturu\/","title":{"rendered":"OKUMA K\u00dcLT\u00dcR\u00dc"},"content":{"rendered":"<p>Okumak, yani harflerin sese d\u00f6n\u00fc\u015ft\u00fcr\u00fclme s\u00fcreci&#8230; Okumak o kadar \u00f6nemli ki! Okur olabilmek, hatta daha ileri gidip  nitelikli okur olabilmek&#8230; <\/p>\n<p>Kalbi kadar tertemiz sayfalar\u0131n\u0131 bize ay\u0131ran, bug\u00fcne gelmi\u015f ve gelecekteki yazarlar\u0131m\u0131z\u0131n sayfalar\u0131n\u0131 okumak i\u00e7in ne kadar s\u00fcre harc\u0131yoruz?<\/p>\n<p>Okumamam\u0131za ra\u011fmen kitap sat\u0131\u015f oranlar\u0131nda d\u00fcnyada ilk s\u0131ralarda yer almam\u0131z ilgi \u00e7ekici, peki bu nas\u0131l oluyor? Hem okumuyoruz hem de \u00e7ok kitap sat\u0131n al\u0131yoruz.<br \/>\nBunun bir\u00e7ok sebebi var. Kitaplar tv \u00fcnitelerinin yan\u0131nda g\u00fczel bir dekor olarak \u00f6n\u00fcm\u00fcze \u00e7\u0131k\u0131yor veya sosyal medyada foto\u011fraf payla\u015fmak i\u00e7in \u00f6n\u00fcm\u00fcze \u00e7\u0131k\u0131yor kapa\u011f\u0131 bile a\u00e7\u0131lmam\u0131\u015f kitaplar, daha \u00f6nemli olan\u0131 ise bizim kitaplar\u0131m\u0131z\u0131n bir\u00e7o\u011fu ders kitaplar\u0131 bunlar i\u00e7erisinde de testler,soru bankalar\u0131&#8230;<br \/>\nToplum olarak d\u00fczenli kitap okuma oran\u0131m\u0131z %0,01, gazete okuma oran\u0131m\u0131z %5, ba\u015fkas\u0131n\u0131n gazete ve kitab\u0131n\u0131 okumaya \u00e7al\u0131\u015fma oran\u0131m\u0131z %95&#8230;<\/p>\n<p><iframe loading=\"lazy\" width=\"727\" height=\"409\" src=\"https:\/\/www.youtube.com\/embed\/rnsVrow1tsI\" title=\"T\u00dcRK\u00c7E - EDEB\u0130YAT Z\u00dcMRE BA\u015eKANI DO\u011eAN G\u00dcREL, 8 EYL\u00dcL OKUMA G\u00dcN\u00dc \u0130\u00c7\u0130N OKUMA K\u00dcLT\u00dcR\u00dc \u00dcZER\u0130NE KONU\u015eTU.\" frameborder=\"0\" allow=\"accelerometer; autoplay; clipboard-write; encrypted-media; gyroscope; picture-in-picture\" allowfullscreen><\/iframe><\/p>\n","protected":false},"excerpt":{"rendered":"<p>Okumak, yani harflerin sese d\u00f6n\u00fc\u015ft\u00fcr\u00fclme s\u00fcreci&#8230; Okumak o kadar \u00f6nemli ki! Okur olabilmek, hatta daha ileri gidip nitelikli okur olabilmek&#8230; Kalbi kadar tertemiz sayfalar\u0131n\u0131 bize ay\u0131ran,<span class=\"excerpt-hellip\"> [\u2026]<\/span><\/p>\n","protected":false},"author":14,"featured_media":6109,"comment_status":"closed","ping_status":"closed","sticky":false,"template":"","format":"standard","meta":{"footnotes":""},"categories":[1],"tags":[96,94,95,18],"class_list":["post-6108","post","type-post","status-publish","format-standard","has-post-thumbnail","hentry","category-haberler-ve-duyurular","tag-8eyluldunyaokumagunu","tag-okumak","tag-okumakulturu","tag-teddenizlikoleji"],"_links":{"self":[{"href":"https:\/\/www.teddenizli.k12.tr\/en\/wp-json\/wp\/v2\/posts\/6108","targetHints":{"allow":["GET"]}}],"collection":[{"href":"https:\/\/www.teddenizli.k12.tr\/en\/wp-json\/wp\/v2\/posts"}],"about":[{"href":"https:\/\/www.teddenizli.k12.tr\/en\/wp-json\/wp\/v2\/types\/post"}],"author":[{"embeddable":true,"href":"https:\/\/www.teddenizli.k12.tr\/en\/wp-json\/wp\/v2\/users\/14"}],"replies":[{"embeddable":true,"href":"https:\/\/www.teddenizli.k12.tr\/en\/wp-json\/wp\/v2\/comments?post=6108"}],"version-history":[{"count":0,"href":"https:\/\/www.teddenizli.k12.tr\/en\/wp-json\/wp\/v2\/posts\/6108\/revisions"}],"wp:featuredmedia":[{"embeddable":true,"href":"https:\/\/www.teddenizli.k12.tr\/en\/wp-json\/wp\/v2\/media\/6109"}],"wp:attachment":[{"href":"https:\/\/www.teddenizli.k12.tr\/en\/wp-json\/wp\/v2\/media?parent=6108"}],"wp:term":[{"taxonomy":"category","embeddable":true,"href":"https:\/\/www.teddenizli.k12.tr\/en\/wp-json\/wp\/v2\/categories?post=6108"},{"taxonomy":"post_tag","embeddable":true,"href":"https:\/\/www.teddenizli.k12.tr\/en\/wp-json\/wp\/v2\/tags?post=6108"}],"curies":[{"name":"wp","href":"https:\/\/api.w.org\/{rel}","templated":true}]}}