{"id":6101,"date":"2022-09-06T18:02:44","date_gmt":"2022-09-06T15:02:44","guid":{"rendered":"https:\/\/www.teddenizli.k12.tr\/?p=6101"},"modified":"2022-09-06T18:02:44","modified_gmt":"2022-09-06T15:02:44","slug":"uyum-haftasi-basladi","status":"publish","type":"post","link":"https:\/\/www.teddenizli.k12.tr\/en\/uyum-haftasi-basladi\/","title":{"rendered":"Uyum Haftas\u0131 Ba\u015flad\u0131"},"content":{"rendered":"<p>TED Denizli Ortaokul \u00f6\u011frencilerimiz, uyum haftas\u0131 etkinliklerinde bir araya geldi.<br \/>\nUyum haftas\u0131n\u0131n ilk iki g\u00fcn\u00fcnde minikler spor, k\u00fclt\u00fcr, sanat ve akademik alanlarda bir araya geldi.<br \/>\n\u00d6\u011frencilerimiz, \u00f6n\u00fcm\u00fczdeki g\u00fcnlerde de uyum haftas\u0131 etkinlik ve toplant\u0131lar\u0131yla bir arada olmaya devam edecek.<\/p>\n<p><iframe loading=\"lazy\" width=\"727\" height=\"409\" src=\"https:\/\/www.youtube.com\/embed\/SqhnGV2a6GY\" title=\"Uyum Haftas\u0131 Ba\u015flad\u0131\" frameborder=\"0\" allow=\"accelerometer; autoplay; clipboard-write; encrypted-media; gyroscope; picture-in-picture\" allowfullscreen><\/iframe><\/p>\n","protected":false},"excerpt":{"rendered":"<p>TED Denizli Ortaokul \u00f6\u011frencilerimiz, uyum haftas\u0131 etkinliklerinde bir araya geldi. Uyum haftas\u0131n\u0131n ilk iki g\u00fcn\u00fcnde minikler spor, k\u00fclt\u00fcr, sanat ve akademik alanlarda bir araya geldi. \u00d6\u011frencilerimiz,<span class=\"excerpt-hellip\"> [\u2026]<\/span><\/p>\n","protected":false},"author":14,"featured_media":6102,"comment_status":"closed","ping_status":"closed","sticky":false,"template":"","format":"standard","meta":{"footnotes":""},"categories":[1],"tags":[51,18,91],"class_list":["post-6101","post","type-post","status-publish","format-standard","has-post-thumbnail","hentry","category-haberler-ve-duyurular","tag-ortaokul","tag-teddenizlikoleji","tag-uyumhaftasi"],"_links":{"self":[{"href":"https:\/\/www.teddenizli.k12.tr\/en\/wp-json\/wp\/v2\/posts\/6101","targetHints":{"allow":["GET"]}}],"collection":[{"href":"https:\/\/www.teddenizli.k12.tr\/en\/wp-json\/wp\/v2\/posts"}],"about":[{"href":"https:\/\/www.teddenizli.k12.tr\/en\/wp-json\/wp\/v2\/types\/post"}],"author":[{"embeddable":true,"href":"https:\/\/www.teddenizli.k12.tr\/en\/wp-json\/wp\/v2\/users\/14"}],"replies":[{"embeddable":true,"href":"https:\/\/www.teddenizli.k12.tr\/en\/wp-json\/wp\/v2\/comments?post=6101"}],"version-history":[{"count":0,"href":"https:\/\/www.teddenizli.k12.tr\/en\/wp-json\/wp\/v2\/posts\/6101\/revisions"}],"wp:featuredmedia":[{"embeddable":true,"href":"https:\/\/www.teddenizli.k12.tr\/en\/wp-json\/wp\/v2\/media\/6102"}],"wp:attachment":[{"href":"https:\/\/www.teddenizli.k12.tr\/en\/wp-json\/wp\/v2\/media?parent=6101"}],"wp:term":[{"taxonomy":"category","embeddable":true,"href":"https:\/\/www.teddenizli.k12.tr\/en\/wp-json\/wp\/v2\/categories?post=6101"},{"taxonomy":"post_tag","embeddable":true,"href":"https:\/\/www.teddenizli.k12.tr\/en\/wp-json\/wp\/v2\/tags?post=6101"}],"curies":[{"name":"wp","href":"https:\/\/api.w.org\/{rel}","templated":true}]}}