{"id":6082,"date":"2022-08-31T16:42:17","date_gmt":"2022-08-31T13:42:17","guid":{"rendered":"https:\/\/www.teddenizli.k12.tr\/?p=6082"},"modified":"2022-09-01T11:09:07","modified_gmt":"2022-09-01T08:09:07","slug":"ogretmen-seminerleri-agustos-programi-basladi","status":"publish","type":"post","link":"https:\/\/www.teddenizli.k12.tr\/en\/ogretmen-seminerleri-agustos-programi-basladi\/","title":{"rendered":"\u00d6\u011eRETMEN SEM\u0130NERLER\u0130 A\u011eUSTOS PROGRAMI BA\u015eLADI"},"content":{"rendered":"<p>TED Denizli Koleji \u00d6\u011fretmenleri a\u011fustos ay\u0131nda yap\u0131lan seminerler ile e\u011fitim-\u00f6\u011fretim d\u00f6nemine haz\u0131rl\u0131klar\u0131n\u0131 tamamlad\u0131.<\/p>\n<p>Mesleki Geli\u015fim Birimi taraf\u0131ndan \u2018\u2019\u00d6\u011frenen Organizasyon\u2019\u2019 olma yolunda \u00f6nemli ad\u0131mlar\u0131n at\u0131ld\u0131\u011f\u0131 seminerlerde, Aytekin K\u0131l\u0131\u00e7 taraf\u0131ndan Etkili Sunum, Emel \u015eerife Tatar Taraf\u0131ndan Sunum Programlar\u0131, Psikolojik Dan\u0131\u015fman Sedat Suba\u015f\u0131\u2019ndan E\u011fitim Ortamlar\u0131nda Benlik Durumlar\u0131 ve \u00d6\u011fretmenlerimiz taraf\u0131ndan seminerde yer alan konular b\u00fct\u00fcn\u00fcnden olu\u015fan S\u00fcrd\u00fcr\u00fclebilir Kalk\u0131nma Hedefleri ile \u00d6\u011fretmen Sunumlar\u0131 yap\u0131ld\u0131.<\/p>\n<p><iframe loading=\"lazy\" width=\"727\" height=\"409\" src=\"https:\/\/www.youtube.com\/embed\/XdbOAbiAVeY\" title=\"\u00d6\u011fretmen Seminerleri A\u011fustos Program\u0131 Ba\u015flad\u0131\" frameborder=\"0\" allow=\"accelerometer; autoplay; clipboard-write; encrypted-media; gyroscope; picture-in-picture\" allowfullscreen><\/iframe><\/p>\n","protected":false},"excerpt":{"rendered":"<p>TED Denizli Koleji \u00d6\u011fretmenleri a\u011fustos ay\u0131nda yap\u0131lan seminerler ile e\u011fitim-\u00f6\u011fretim d\u00f6nemine haz\u0131rl\u0131klar\u0131n\u0131 tamamlad\u0131. Mesleki Geli\u015fim Birimi taraf\u0131ndan \u2018\u2019\u00d6\u011frenen Organizasyon\u2019\u2019 olma yolunda \u00f6nemli ad\u0131mlar\u0131n at\u0131ld\u0131\u011f\u0131 seminerlerde, Aytekin<span class=\"excerpt-hellip\"> [\u2026]<\/span><\/p>\n","protected":false},"author":14,"featured_media":6087,"comment_status":"closed","ping_status":"closed","sticky":false,"template":"","format":"standard","meta":{"footnotes":""},"categories":[1],"tags":[56,88,87,58,18],"class_list":["post-6082","post","type-post","status-publish","format-standard","has-post-thumbnail","hentry","category-haberler-ve-duyurular","tag-meslekigelisim","tag-ogrenenorganizasyon","tag-ogretmenseminerleri","tag-seminer","tag-teddenizlikoleji"],"_links":{"self":[{"href":"https:\/\/www.teddenizli.k12.tr\/en\/wp-json\/wp\/v2\/posts\/6082","targetHints":{"allow":["GET"]}}],"collection":[{"href":"https:\/\/www.teddenizli.k12.tr\/en\/wp-json\/wp\/v2\/posts"}],"about":[{"href":"https:\/\/www.teddenizli.k12.tr\/en\/wp-json\/wp\/v2\/types\/post"}],"author":[{"embeddable":true,"href":"https:\/\/www.teddenizli.k12.tr\/en\/wp-json\/wp\/v2\/users\/14"}],"replies":[{"embeddable":true,"href":"https:\/\/www.teddenizli.k12.tr\/en\/wp-json\/wp\/v2\/comments?post=6082"}],"version-history":[{"count":0,"href":"https:\/\/www.teddenizli.k12.tr\/en\/wp-json\/wp\/v2\/posts\/6082\/revisions"}],"wp:featuredmedia":[{"embeddable":true,"href":"https:\/\/www.teddenizli.k12.tr\/en\/wp-json\/wp\/v2\/media\/6087"}],"wp:attachment":[{"href":"https:\/\/www.teddenizli.k12.tr\/en\/wp-json\/wp\/v2\/media?parent=6082"}],"wp:term":[{"taxonomy":"category","embeddable":true,"href":"https:\/\/www.teddenizli.k12.tr\/en\/wp-json\/wp\/v2\/categories?post=6082"},{"taxonomy":"post_tag","embeddable":true,"href":"https:\/\/www.teddenizli.k12.tr\/en\/wp-json\/wp\/v2\/tags?post=6082"}],"curies":[{"name":"wp","href":"https:\/\/api.w.org\/{rel}","templated":true}]}}