{"id":6075,"date":"2022-08-29T16:39:15","date_gmt":"2022-08-29T13:39:15","guid":{"rendered":"https:\/\/www.teddenizli.k12.tr\/?p=6075"},"modified":"2022-08-29T16:47:03","modified_gmt":"2022-08-29T13:47:03","slug":"30-agustos-zafer-bayrami","status":"publish","type":"post","link":"https:\/\/www.teddenizli.k12.tr\/en\/30-agustos-zafer-bayrami\/","title":{"rendered":"30 A\u011fustos Zafer Bayram\u0131"},"content":{"rendered":"<h4 style=\"text-align: left;\">T\u00fcrk Milletinin E\u015fsiz Evlad\u0131 Atat\u00fcrk!<\/h4>\n<h4>Sen ebed\u00ee istirahatg\u00e2h\u0131nda rahat uyu. \u201cEn b\u00fcy\u00fck eserim!\u201d dedi\u011fin T\u00fcrkiye Cumhuriyeti &#8220;b\u00fct\u00fcn \u00fcmidim&#8221; dedi\u011fin gen\u00e7lere emanettir.<\/h4>\n<h4>30 A\u011fustos Zafer Bayram\u0131 kutlu olsun.<\/h4>\n<p>&nbsp;<\/p>\n<p style=\"text-align: center;\"><iframe loading=\"lazy\" title=\"30 A\u011fustos Zafer Bayram\u0131\" src=\"https:\/\/www.youtube.com\/embed\/2MwW_2vmr00\" width=\"727\" height=\"409\" frameborder=\"0\" allowfullscreen=\"allowfullscreen\"><\/iframe><\/p>\n","protected":false},"excerpt":{"rendered":"<p>T\u00fcrk Milletinin E\u015fsiz Evlad\u0131 Atat\u00fcrk! Sen ebed\u00ee istirahatg\u00e2h\u0131nda rahat uyu. \u201cEn b\u00fcy\u00fck eserim!\u201d dedi\u011fin T\u00fcrkiye Cumhuriyeti &#8220;b\u00fct\u00fcn \u00fcmidim&#8221; dedi\u011fin gen\u00e7lere emanettir. 30 A\u011fustos Zafer Bayram\u0131 kutlu<span class=\"excerpt-hellip\"> [\u2026]<\/span><\/p>\n","protected":false},"author":14,"featured_media":6080,"comment_status":"closed","ping_status":"closed","sticky":false,"template":"","format":"standard","meta":{"footnotes":""},"categories":[1],"tags":[85,84,48,26,86],"class_list":["post-6075","post","type-post","status-publish","format-standard","has-post-thumbnail","hentry","category-haberler-ve-duyurular","tag-30agustos","tag-30agustoszaferbayrami","tag-kolej","tag-teddenizli","tag-yuzuncuyil"],"_links":{"self":[{"href":"https:\/\/www.teddenizli.k12.tr\/en\/wp-json\/wp\/v2\/posts\/6075","targetHints":{"allow":["GET"]}}],"collection":[{"href":"https:\/\/www.teddenizli.k12.tr\/en\/wp-json\/wp\/v2\/posts"}],"about":[{"href":"https:\/\/www.teddenizli.k12.tr\/en\/wp-json\/wp\/v2\/types\/post"}],"author":[{"embeddable":true,"href":"https:\/\/www.teddenizli.k12.tr\/en\/wp-json\/wp\/v2\/users\/14"}],"replies":[{"embeddable":true,"href":"https:\/\/www.teddenizli.k12.tr\/en\/wp-json\/wp\/v2\/comments?post=6075"}],"version-history":[{"count":0,"href":"https:\/\/www.teddenizli.k12.tr\/en\/wp-json\/wp\/v2\/posts\/6075\/revisions"}],"wp:featuredmedia":[{"embeddable":true,"href":"https:\/\/www.teddenizli.k12.tr\/en\/wp-json\/wp\/v2\/media\/6080"}],"wp:attachment":[{"href":"https:\/\/www.teddenizli.k12.tr\/en\/wp-json\/wp\/v2\/media?parent=6075"}],"wp:term":[{"taxonomy":"category","embeddable":true,"href":"https:\/\/www.teddenizli.k12.tr\/en\/wp-json\/wp\/v2\/categories?post=6075"},{"taxonomy":"post_tag","embeddable":true,"href":"https:\/\/www.teddenizli.k12.tr\/en\/wp-json\/wp\/v2\/tags?post=6075"}],"curies":[{"name":"wp","href":"https:\/\/api.w.org\/{rel}","templated":true}]}}