{"id":5867,"date":"2022-07-07T16:42:16","date_gmt":"2022-07-07T13:42:16","guid":{"rendered":"https:\/\/www.teddenizli.k12.tr\/?p=5867"},"modified":"2022-07-07T16:42:16","modified_gmt":"2022-07-07T13:42:16","slug":"ted-kanada-degisim-programi-ile-kapisini-dunyaya-aciyor","status":"publish","type":"post","link":"https:\/\/www.teddenizli.k12.tr\/en\/ted-kanada-degisim-programi-ile-kapisini-dunyaya-aciyor\/","title":{"rendered":"TED &#8211; KANADA DE\u011e\u0130\u015e\u0130M PROGRAMI \u0130LE KAPISINI D\u00dcNYAYA A\u00c7IYOR"},"content":{"rendered":"<p>TED Denizli Koleji Anadolu Lisesi pandemi sonras\u0131 TED-Kanada De\u011fi\u015fim Program\u0131 ile kap\u0131s\u0131n\u0131\u00a0 d\u00fcnyaya a\u00e7\u0131yor.<\/p>\n<p>Okulumuzda, T\u00fcrk E\u011fitim Derne\u011fi ve Kanada NovaScotia E\u011fitim Bakanl\u0131\u011f\u0131 aras\u0131nda 2012 y\u0131l\u0131nda imzalanan akademik ortakl\u0131k anla\u015fmas\u0131 kapsam\u0131nda Kanada de\u011fi\u015fim programlar\u0131 y\u00fcr\u00fct\u00fclmektedir.<\/p>\n<p>9.s\u0131n\u0131f \u00f6\u011frencimiz \u015eevval B\u00f6l\u00fckba\u015f\u0131, akademik y\u0131l; 10.s\u0131n\u0131f \u00f6\u011frencimiz Abdullah \u00d6zet akademik d\u00f6nem programlar\u0131na 2022-2023 e\u011fitim \u00f6\u011fretim y\u0131l\u0131nda kat\u0131lmaya hak kazand\u0131lar. Program tamamland\u0131ktan sonra bir \u00fcst s\u0131n\u0131ftan tekrar TED Okullar\u0131nda e\u011fitime devam etme hakk\u0131na sahiplerdir.<\/p>\n<p>Program; \u00f6\u011frencilere, ailelerine ve ev sahibi ailelere, farkl\u0131 k\u00fclt\u00fcrlere y\u00f6nelik anlay\u0131\u015f\u0131<br \/>\nve sayg\u0131y\u0131 derinle\u015ftirmek ve insanl\u0131\u011f\u0131n ortak dilini ke\u015ffetmek i\u00e7in olanak yarat\u0131rken<br \/>\n\u00f6\u011frencilere iyi bir \u0130ngilizce ve yurtd\u0131\u015f\u0131nda \u00fcniversite e\u011fitimi alabilme f\u0131rsat\u0131 sa\u011flamay\u0131 ama\u00e7l\u0131yor.<\/p>\n<p><img loading=\"lazy\" decoding=\"async\" class=\"alignnone size-medium wp-image-5870 alignleft\" src=\"https:\/\/www.teddenizli.k12.tr\/wp-content\/uploads\/2022\/07\/ted-denizli-koleji-kanada-degisim-programi-novascotia-international-student-1-1-300x300.jpeg\" alt=\"\" width=\"300\" height=\"300\" srcset=\"https:\/\/www.teddenizli.k12.tr\/en\/wp-content\/uploads\/2022\/07\/ted-denizli-koleji-kanada-degisim-programi-novascotia-international-student-1-1-300x300.jpeg 300w, https:\/\/www.teddenizli.k12.tr\/en\/wp-content\/uploads\/2022\/07\/ted-denizli-koleji-kanada-degisim-programi-novascotia-international-student-1-1-1024x1024.jpeg 1024w, https:\/\/www.teddenizli.k12.tr\/en\/wp-content\/uploads\/2022\/07\/ted-denizli-koleji-kanada-degisim-programi-novascotia-international-student-1-1-150x150.jpeg 150w, https:\/\/www.teddenizli.k12.tr\/en\/wp-content\/uploads\/2022\/07\/ted-denizli-koleji-kanada-degisim-programi-novascotia-international-student-1-1-768x768.jpeg 768w, https:\/\/www.teddenizli.k12.tr\/en\/wp-content\/uploads\/2022\/07\/ted-denizli-koleji-kanada-degisim-programi-novascotia-international-student-1-1-146x146.jpeg 146w, https:\/\/www.teddenizli.k12.tr\/en\/wp-content\/uploads\/2022\/07\/ted-denizli-koleji-kanada-degisim-programi-novascotia-international-student-1-1-50x50.jpeg 50w, https:\/\/www.teddenizli.k12.tr\/en\/wp-content\/uploads\/2022\/07\/ted-denizli-koleji-kanada-degisim-programi-novascotia-international-student-1-1-75x75.jpeg 75w, https:\/\/www.teddenizli.k12.tr\/en\/wp-content\/uploads\/2022\/07\/ted-denizli-koleji-kanada-degisim-programi-novascotia-international-student-1-1-85x85.jpeg 85w, https:\/\/www.teddenizli.k12.tr\/en\/wp-content\/uploads\/2022\/07\/ted-denizli-koleji-kanada-degisim-programi-novascotia-international-student-1-1-80x80.jpeg 80w, https:\/\/www.teddenizli.k12.tr\/en\/wp-content\/uploads\/2022\/07\/ted-denizli-koleji-kanada-degisim-programi-novascotia-international-student-1-1.jpeg 1200w\" sizes=\"auto, (max-width:767px) 300px, 300px\" \/><\/p>\n","protected":false},"excerpt":{"rendered":"<p>TED Denizli Koleji Anadolu Lisesi pandemi sonras\u0131 TED-Kanada De\u011fi\u015fim Program\u0131 ile kap\u0131s\u0131n\u0131\u00a0 d\u00fcnyaya a\u00e7\u0131yor. Okulumuzda, T\u00fcrk E\u011fitim Derne\u011fi ve Kanada NovaScotia E\u011fitim Bakanl\u0131\u011f\u0131 aras\u0131nda 2012 y\u0131l\u0131nda<span class=\"excerpt-hellip\"> [\u2026]<\/span><\/p>\n","protected":false},"author":14,"featured_media":0,"comment_status":"closed","ping_status":"closed","sticky":false,"template":"","format":"standard","meta":{"footnotes":""},"categories":[1],"tags":[69,70,65,67,48,68,66,18],"class_list":["post-5867","post","type-post","status-publish","format-standard","hentry","category-haberler-ve-duyurular","tag-international","tag-internationalstudent","tag-kanada","tag-kanadaogrencidegisimprogrami","tag-kolej","tag-novascotia","tag-ogrencidegisimprogrami","tag-teddenizlikoleji"],"_links":{"self":[{"href":"https:\/\/www.teddenizli.k12.tr\/en\/wp-json\/wp\/v2\/posts\/5867","targetHints":{"allow":["GET"]}}],"collection":[{"href":"https:\/\/www.teddenizli.k12.tr\/en\/wp-json\/wp\/v2\/posts"}],"about":[{"href":"https:\/\/www.teddenizli.k12.tr\/en\/wp-json\/wp\/v2\/types\/post"}],"author":[{"embeddable":true,"href":"https:\/\/www.teddenizli.k12.tr\/en\/wp-json\/wp\/v2\/users\/14"}],"replies":[{"embeddable":true,"href":"https:\/\/www.teddenizli.k12.tr\/en\/wp-json\/wp\/v2\/comments?post=5867"}],"version-history":[{"count":0,"href":"https:\/\/www.teddenizli.k12.tr\/en\/wp-json\/wp\/v2\/posts\/5867\/revisions"}],"wp:attachment":[{"href":"https:\/\/www.teddenizli.k12.tr\/en\/wp-json\/wp\/v2\/media?parent=5867"}],"wp:term":[{"taxonomy":"category","embeddable":true,"href":"https:\/\/www.teddenizli.k12.tr\/en\/wp-json\/wp\/v2\/categories?post=5867"},{"taxonomy":"post_tag","embeddable":true,"href":"https:\/\/www.teddenizli.k12.tr\/en\/wp-json\/wp\/v2\/tags?post=5867"}],"curies":[{"name":"wp","href":"https:\/\/api.w.org\/{rel}","templated":true}]}}