{"id":5862,"date":"2022-07-07T13:13:21","date_gmt":"2022-07-07T10:13:21","guid":{"rendered":"https:\/\/www.teddenizli.k12.tr\/?p=5862"},"modified":"2022-07-07T13:13:21","modified_gmt":"2022-07-07T10:13:21","slug":"okuma-bayrami","status":"publish","type":"post","link":"https:\/\/www.teddenizli.k12.tr\/en\/okuma-bayrami\/","title":{"rendered":"Okuma Bayram\u0131"},"content":{"rendered":"<p>TED Denizli Koleji Okuma Bayram\u0131&#8217;nda miniklerimiz, &#8220;Okumak, gelece\u011fin yolunu ayd\u0131nlat\u0131r; okumak, insanlara t\u00fcm d\u00fcnyay\u0131 tan\u0131t\u0131r.&#8221; mesaj\u0131 ile ba\u015flad\u0131.<br \/>\nMiniklerimizin g\u00f6sterisini seyretmeye gelen velilerimiz, \u2018\u2019Ge\u00e7mi\u015ften G\u00fcn\u00fcm\u00fcze\u2019\u2019 adl\u0131 tiyatro oyunu, \u2018\u2019Yolculuk\u2019\u2019 adl\u0131 dans g\u00f6sterisi, \u2018\u2019Mr. World\u2019\u2019 adl\u0131 \u0130ngilizce g\u00f6sterisi ve \u2018\u2019Do\u011fan\u0131n Sesi\u2019\u2019 adl\u0131 \u00e7ocuk korosuyla keyifli anlar ya\u015fad\u0131.<\/p>\n<p>G\u00f6sterinin sonunda \u00f6\u011frencilerimiz, \u2018\u2019Ne g\u00fczelmi\u015f okumas\u0131, her kitapla e\u015f olmas\u0131, \u00e7al\u0131\u015farak \u00f6\u011freniriz, her g\u00fc\u00e7l\u00fc\u011f\u00fc yeneriz\u2019\u2019 s\u00f6zleri ile bir defa daha sevin\u00e7lerini bizlerle payla\u015ft\u0131.<\/p>\n<p style=\"text-align: center;\"><iframe loading=\"lazy\" title=\"Okuma Bayram\u0131\" src=\"https:\/\/www.youtube.com\/embed\/5tZfIN8n_Wc\" width=\"727\" height=\"409\" frameborder=\"0\" allowfullscreen=\"allowfullscreen\"><\/iframe><\/p>\n","protected":false},"excerpt":{"rendered":"<p>TED Denizli Koleji Okuma Bayram\u0131&#8217;nda miniklerimiz, &#8220;Okumak, gelece\u011fin yolunu ayd\u0131nlat\u0131r; okumak, insanlara t\u00fcm d\u00fcnyay\u0131 tan\u0131t\u0131r.&#8221; mesaj\u0131 ile ba\u015flad\u0131. Miniklerimizin g\u00f6sterisini seyretmeye gelen velilerimiz, \u2018\u2019Ge\u00e7mi\u015ften G\u00fcn\u00fcm\u00fcze\u2019\u2019 adl\u0131<span class=\"excerpt-hellip\"> [\u2026]<\/span><\/p>\n","protected":false},"author":14,"featured_media":5863,"comment_status":"closed","ping_status":"closed","sticky":false,"template":"","format":"standard","meta":{"footnotes":""},"categories":[1],"tags":[64,48,63,18],"class_list":["post-5862","post","type-post","status-publish","format-standard","has-post-thumbnail","hentry","category-haberler-ve-duyurular","tag-ilkokul","tag-kolej","tag-okumabayrami","tag-teddenizlikoleji"],"_links":{"self":[{"href":"https:\/\/www.teddenizli.k12.tr\/en\/wp-json\/wp\/v2\/posts\/5862","targetHints":{"allow":["GET"]}}],"collection":[{"href":"https:\/\/www.teddenizli.k12.tr\/en\/wp-json\/wp\/v2\/posts"}],"about":[{"href":"https:\/\/www.teddenizli.k12.tr\/en\/wp-json\/wp\/v2\/types\/post"}],"author":[{"embeddable":true,"href":"https:\/\/www.teddenizli.k12.tr\/en\/wp-json\/wp\/v2\/users\/14"}],"replies":[{"embeddable":true,"href":"https:\/\/www.teddenizli.k12.tr\/en\/wp-json\/wp\/v2\/comments?post=5862"}],"version-history":[{"count":0,"href":"https:\/\/www.teddenizli.k12.tr\/en\/wp-json\/wp\/v2\/posts\/5862\/revisions"}],"wp:featuredmedia":[{"embeddable":true,"href":"https:\/\/www.teddenizli.k12.tr\/en\/wp-json\/wp\/v2\/media\/5863"}],"wp:attachment":[{"href":"https:\/\/www.teddenizli.k12.tr\/en\/wp-json\/wp\/v2\/media?parent=5862"}],"wp:term":[{"taxonomy":"category","embeddable":true,"href":"https:\/\/www.teddenizli.k12.tr\/en\/wp-json\/wp\/v2\/categories?post=5862"},{"taxonomy":"post_tag","embeddable":true,"href":"https:\/\/www.teddenizli.k12.tr\/en\/wp-json\/wp\/v2\/tags?post=5862"}],"curies":[{"name":"wp","href":"https:\/\/api.w.org\/{rel}","templated":true}]}}