{"id":5848,"date":"2022-06-29T16:57:32","date_gmt":"2022-06-29T13:57:32","guid":{"rendered":"https:\/\/www.teddenizli.k12.tr\/?p=5848"},"modified":"2022-06-29T16:57:32","modified_gmt":"2022-06-29T13:57:32","slug":"ogrenirken-eglenen-eglendirirken-ogreten-ogretmen","status":"publish","type":"post","link":"https:\/\/www.teddenizli.k12.tr\/en\/ogrenirken-eglenen-eglendirirken-ogreten-ogretmen\/","title":{"rendered":"\u00d6\u011eREN\u0130RKEN E\u011eLENEN, E\u011eLEND\u0130R\u0130RKEN \u00d6\u011eRETEN \u00d6\u011eRETMEN"},"content":{"rendered":"<p style=\"text-align: center;\">TED Denizli Koleji \u00d6\u011fretmen Seminerleri dolu dolu ge\u00e7iyor.<br \/>\nMesleki Geli\u015fim Birimi taraf\u0131ndan organize edilen y\u0131l sonu \u00f6\u011fretmen geli\u015fim program\u0131m\u0131zda &#8220;Ki\u015fisel ve Mesleki De\u011ferlerimizi Tan\u0131ma Yolculu\u011fu&#8221; ba\u015fl\u0131\u011f\u0131nda ilk g\u00fcn tamamland\u0131.<\/p>\n<p style=\"text-align: center;\"><iframe loading=\"lazy\" title=\"\u00d6\u011eREN\u0130RKEN E\u011eLENEN, E\u011eLEND\u0130R\u0130RKEN \u00d6\u011eRETEN \u00d6\u011eRETMEN\" src=\"https:\/\/www.youtube.com\/embed\/XaYzP_ytNsA\" width=\"727\" height=\"409\" frameborder=\"0\" allowfullscreen=\"allowfullscreen\"><\/iframe><\/p>\n","protected":false},"excerpt":{"rendered":"<p>TED Denizli Koleji \u00d6\u011fretmen Seminerleri dolu dolu ge\u00e7iyor. Mesleki Geli\u015fim Birimi taraf\u0131ndan organize edilen y\u0131l sonu \u00f6\u011fretmen geli\u015fim program\u0131m\u0131zda &#8220;Ki\u015fisel ve Mesleki De\u011ferlerimizi Tan\u0131ma Yolculu\u011fu&#8221; ba\u015fl\u0131\u011f\u0131nda<span class=\"excerpt-hellip\"> [\u2026]<\/span><\/p>\n","protected":false},"author":14,"featured_media":5851,"comment_status":"closed","ping_status":"closed","sticky":false,"template":"","format":"standard","meta":{"footnotes":""},"categories":[1],"tags":[54,48,56,55,57,18],"class_list":["post-5848","post","type-post","status-publish","format-standard","has-post-thumbnail","hentry","category-haberler-ve-duyurular","tag-eglenmek","tag-kolej","tag-meslekigelisim","tag-ogrenmek","tag-ogretmen","tag-teddenizlikoleji"],"_links":{"self":[{"href":"https:\/\/www.teddenizli.k12.tr\/en\/wp-json\/wp\/v2\/posts\/5848","targetHints":{"allow":["GET"]}}],"collection":[{"href":"https:\/\/www.teddenizli.k12.tr\/en\/wp-json\/wp\/v2\/posts"}],"about":[{"href":"https:\/\/www.teddenizli.k12.tr\/en\/wp-json\/wp\/v2\/types\/post"}],"author":[{"embeddable":true,"href":"https:\/\/www.teddenizli.k12.tr\/en\/wp-json\/wp\/v2\/users\/14"}],"replies":[{"embeddable":true,"href":"https:\/\/www.teddenizli.k12.tr\/en\/wp-json\/wp\/v2\/comments?post=5848"}],"version-history":[{"count":0,"href":"https:\/\/www.teddenizli.k12.tr\/en\/wp-json\/wp\/v2\/posts\/5848\/revisions"}],"wp:featuredmedia":[{"embeddable":true,"href":"https:\/\/www.teddenizli.k12.tr\/en\/wp-json\/wp\/v2\/media\/5851"}],"wp:attachment":[{"href":"https:\/\/www.teddenizli.k12.tr\/en\/wp-json\/wp\/v2\/media?parent=5848"}],"wp:term":[{"taxonomy":"category","embeddable":true,"href":"https:\/\/www.teddenizli.k12.tr\/en\/wp-json\/wp\/v2\/categories?post=5848"},{"taxonomy":"post_tag","embeddable":true,"href":"https:\/\/www.teddenizli.k12.tr\/en\/wp-json\/wp\/v2\/tags?post=5848"}],"curies":[{"name":"wp","href":"https:\/\/api.w.org\/{rel}","templated":true}]}}