{"id":5834,"date":"2022-06-17T14:41:53","date_gmt":"2022-06-17T11:41:53","guid":{"rendered":"https:\/\/www.teddenizli.k12.tr\/?p=5834"},"modified":"2022-06-17T14:41:53","modified_gmt":"2022-06-17T11:41:53","slug":"en-uzun-teneffus-basladi","status":"publish","type":"post","link":"https:\/\/www.teddenizli.k12.tr\/en\/en-uzun-teneffus-basladi\/","title":{"rendered":"EN UZUN TENEFF\u00dcS BA\u015eLADI"},"content":{"rendered":"<p>TED Denizli Koleji olarak bir e\u011fitim \u00f6\u011fretim d\u00f6neminin daha sonuna geldik.<br \/>\n\u00d6\u011frencilerimiz, bir \u00fcst s\u0131n\u0131fta e\u011fitimlerine devam edecek olman\u0131n ve karne alman\u0131n heyecan\u0131n\u0131 bir defa daha ya\u015fad\u0131.<\/p>\n<p>TED Koleji olarak \u00f6\u011frencilerimize tamamlam\u0131\u015f olduklar\u0131 ba\u015far\u0131, mutluluk ve gurur dolu sene i\u00e7in te\u015fekk\u00fcr ediyor, iyi tatiller diliyoruz .<\/p>\n<p style=\"text-align: left;\"><img loading=\"lazy\" decoding=\"async\" class=\"alignnone size-medium wp-image-5836\" src=\"https:\/\/www.teddenizli.k12.tr\/wp-content\/uploads\/2022\/06\/DSCF3035-300x200.jpg\" alt=\"\" width=\"300\" height=\"200\" srcset=\"https:\/\/www.teddenizli.k12.tr\/en\/wp-content\/uploads\/2022\/06\/DSCF3035-300x200.jpg 300w, https:\/\/www.teddenizli.k12.tr\/en\/wp-content\/uploads\/2022\/06\/DSCF3035-1024x683.jpg 1024w, https:\/\/www.teddenizli.k12.tr\/en\/wp-content\/uploads\/2022\/06\/DSCF3035-768x512.jpg 768w, https:\/\/www.teddenizli.k12.tr\/en\/wp-content\/uploads\/2022\/06\/DSCF3035-219x146.jpg 219w, https:\/\/www.teddenizli.k12.tr\/en\/wp-content\/uploads\/2022\/06\/DSCF3035-50x33.jpg 50w, https:\/\/www.teddenizli.k12.tr\/en\/wp-content\/uploads\/2022\/06\/DSCF3035-113x75.jpg 113w, https:\/\/www.teddenizli.k12.tr\/en\/wp-content\/uploads\/2022\/06\/DSCF3035.jpg 1200w\" sizes=\"auto, (max-width:767px) 300px, 300px\" \/><img loading=\"lazy\" decoding=\"async\" class=\"alignnone size-medium wp-image-5837 alignleft\" src=\"https:\/\/www.teddenizli.k12.tr\/wp-content\/uploads\/2022\/06\/DSCF3026-300x200.jpg\" alt=\"\" width=\"300\" height=\"200\" srcset=\"https:\/\/www.teddenizli.k12.tr\/en\/wp-content\/uploads\/2022\/06\/DSCF3026-300x200.jpg 300w, https:\/\/www.teddenizli.k12.tr\/en\/wp-content\/uploads\/2022\/06\/DSCF3026-1024x683.jpg 1024w, https:\/\/www.teddenizli.k12.tr\/en\/wp-content\/uploads\/2022\/06\/DSCF3026-768x512.jpg 768w, https:\/\/www.teddenizli.k12.tr\/en\/wp-content\/uploads\/2022\/06\/DSCF3026-219x146.jpg 219w, https:\/\/www.teddenizli.k12.tr\/en\/wp-content\/uploads\/2022\/06\/DSCF3026-50x33.jpg 50w, https:\/\/www.teddenizli.k12.tr\/en\/wp-content\/uploads\/2022\/06\/DSCF3026-113x75.jpg 113w, https:\/\/www.teddenizli.k12.tr\/en\/wp-content\/uploads\/2022\/06\/DSCF3026.jpg 1200w\" sizes=\"auto, (max-width:767px) 300px, 300px\" \/><img loading=\"lazy\" decoding=\"async\" class=\"size-medium wp-image-5838 alignleft\" src=\"https:\/\/www.teddenizli.k12.tr\/wp-content\/uploads\/2022\/06\/DSCF3030-300x200.jpg\" alt=\"\" width=\"300\" height=\"200\" srcset=\"https:\/\/www.teddenizli.k12.tr\/en\/wp-content\/uploads\/2022\/06\/DSCF3030-300x200.jpg 300w, https:\/\/www.teddenizli.k12.tr\/en\/wp-content\/uploads\/2022\/06\/DSCF3030-1024x683.jpg 1024w, https:\/\/www.teddenizli.k12.tr\/en\/wp-content\/uploads\/2022\/06\/DSCF3030-768x512.jpg 768w, https:\/\/www.teddenizli.k12.tr\/en\/wp-content\/uploads\/2022\/06\/DSCF3030-219x146.jpg 219w, https:\/\/www.teddenizli.k12.tr\/en\/wp-content\/uploads\/2022\/06\/DSCF3030-50x33.jpg 50w, https:\/\/www.teddenizli.k12.tr\/en\/wp-content\/uploads\/2022\/06\/DSCF3030-113x75.jpg 113w, https:\/\/www.teddenizli.k12.tr\/en\/wp-content\/uploads\/2022\/06\/DSCF3030.jpg 1200w\" sizes=\"auto, (max-width:767px) 300px, 300px\" \/><\/p>\n","protected":false},"excerpt":{"rendered":"<p>TED Denizli Koleji olarak bir e\u011fitim \u00f6\u011fretim d\u00f6neminin daha sonuna geldik. \u00d6\u011frencilerimiz, bir \u00fcst s\u0131n\u0131fta e\u011fitimlerine devam edecek olman\u0131n ve karne alman\u0131n heyecan\u0131n\u0131 bir defa daha<span class=\"excerpt-hellip\"> [\u2026]<\/span><\/p>\n","protected":false},"author":14,"featured_media":5835,"comment_status":"closed","ping_status":"closed","sticky":false,"template":"","format":"standard","meta":{"footnotes":""},"categories":[1],"tags":[49,50,48,18],"class_list":["post-5834","post","type-post","status-publish","format-standard","has-post-thumbnail","hentry","category-haberler-ve-duyurular","tag-karne","tag-karnesevinci","tag-kolej","tag-teddenizlikoleji"],"_links":{"self":[{"href":"https:\/\/www.teddenizli.k12.tr\/en\/wp-json\/wp\/v2\/posts\/5834","targetHints":{"allow":["GET"]}}],"collection":[{"href":"https:\/\/www.teddenizli.k12.tr\/en\/wp-json\/wp\/v2\/posts"}],"about":[{"href":"https:\/\/www.teddenizli.k12.tr\/en\/wp-json\/wp\/v2\/types\/post"}],"author":[{"embeddable":true,"href":"https:\/\/www.teddenizli.k12.tr\/en\/wp-json\/wp\/v2\/users\/14"}],"replies":[{"embeddable":true,"href":"https:\/\/www.teddenizli.k12.tr\/en\/wp-json\/wp\/v2\/comments?post=5834"}],"version-history":[{"count":0,"href":"https:\/\/www.teddenizli.k12.tr\/en\/wp-json\/wp\/v2\/posts\/5834\/revisions"}],"wp:featuredmedia":[{"embeddable":true,"href":"https:\/\/www.teddenizli.k12.tr\/en\/wp-json\/wp\/v2\/media\/5835"}],"wp:attachment":[{"href":"https:\/\/www.teddenizli.k12.tr\/en\/wp-json\/wp\/v2\/media?parent=5834"}],"wp:term":[{"taxonomy":"category","embeddable":true,"href":"https:\/\/www.teddenizli.k12.tr\/en\/wp-json\/wp\/v2\/categories?post=5834"},{"taxonomy":"post_tag","embeddable":true,"href":"https:\/\/www.teddenizli.k12.tr\/en\/wp-json\/wp\/v2\/tags?post=5834"}],"curies":[{"name":"wp","href":"https:\/\/api.w.org\/{rel}","templated":true}]}}