{"id":5831,"date":"2022-06-15T17:39:13","date_gmt":"2022-06-15T14:39:13","guid":{"rendered":"https:\/\/www.teddenizli.k12.tr\/?p=5831"},"modified":"2022-06-15T17:39:13","modified_gmt":"2022-06-15T14:39:13","slug":"ted-denizli-koleji-lise-mezuniyet-toreni-coskusu","status":"publish","type":"post","link":"https:\/\/www.teddenizli.k12.tr\/en\/ted-denizli-koleji-lise-mezuniyet-toreni-coskusu\/","title":{"rendered":"TED DEN\u0130ZL\u0130 KOLEJ\u0130 L\u0130SE MEZUN\u0130YET T\u00d6REN\u0130 CO\u015eKUSU"},"content":{"rendered":"<p style=\"text-align: center;\">TED Denizli Koleji lise mezuniyetinde \u00f6\u011frencilerimiz, akademik kadromuz ve velileri ile bir araya geldi.<br \/>\nD\u00fczenlenen t\u00f6rende TED ailesinin bir \u00fcyesi olan \u00f6\u011frencilerimiz ve velilerimiz hem e\u011flendiler hem de duygu dolu anlar ya\u015fad\u0131lar.<br \/>\n\u00d6\u011frencilerimize bizlere ya\u015fatt\u0131klar\u0131 say\u0131s\u0131z ba\u015far\u0131, mutluluk ve gurur i\u00e7in te\u015fekk\u00fcr ediyor, ba\u015far\u0131 dolu bir ya\u015fam diliyoruz.<br \/>\nSizler TED\u2019lisiniz ve asla yaln\u0131z y\u00fcr\u00fcmeyeceksiniz \u00e7\u00fcnk\u00fc TED\u2019liysen yaln\u0131z de\u011filsin.<br \/>\n\u00c7\u00fcnk\u00fc TED\u2019li olmak ayr\u0131cal\u0131kt\u0131r.<\/p>\n<p style=\"text-align: center;\"><iframe loading=\"lazy\" title=\"YouTube video player\" src=\"https:\/\/www.youtube.com\/embed\/Sfm9Q3BR6aY\" width=\"727\" height=\"409\" frameborder=\"0\" allowfullscreen=\"allowfullscreen\"><\/iframe><\/p>\n","protected":false},"excerpt":{"rendered":"<p>TED Denizli Koleji lise mezuniyetinde \u00f6\u011frencilerimiz, akademik kadromuz ve velileri ile bir araya geldi. D\u00fczenlenen t\u00f6rende TED ailesinin bir \u00fcyesi olan \u00f6\u011frencilerimiz ve velilerimiz hem e\u011flendiler<span class=\"excerpt-hellip\"> [\u2026]<\/span><\/p>\n","protected":false},"author":14,"featured_media":0,"comment_status":"closed","ping_status":"closed","sticky":false,"template":"","format":"standard","meta":{"footnotes":""},"categories":[1],"tags":[48,45,47,26,18,46],"class_list":["post-5831","post","type-post","status-publish","format-standard","hentry","category-haberler-ve-duyurular","tag-kolej","tag-lise","tag-lisemezuniyeti","tag-teddenizli","tag-teddenizlikoleji","tag-mezuniyet"],"_links":{"self":[{"href":"https:\/\/www.teddenizli.k12.tr\/en\/wp-json\/wp\/v2\/posts\/5831","targetHints":{"allow":["GET"]}}],"collection":[{"href":"https:\/\/www.teddenizli.k12.tr\/en\/wp-json\/wp\/v2\/posts"}],"about":[{"href":"https:\/\/www.teddenizli.k12.tr\/en\/wp-json\/wp\/v2\/types\/post"}],"author":[{"embeddable":true,"href":"https:\/\/www.teddenizli.k12.tr\/en\/wp-json\/wp\/v2\/users\/14"}],"replies":[{"embeddable":true,"href":"https:\/\/www.teddenizli.k12.tr\/en\/wp-json\/wp\/v2\/comments?post=5831"}],"version-history":[{"count":0,"href":"https:\/\/www.teddenizli.k12.tr\/en\/wp-json\/wp\/v2\/posts\/5831\/revisions"}],"wp:attachment":[{"href":"https:\/\/www.teddenizli.k12.tr\/en\/wp-json\/wp\/v2\/media?parent=5831"}],"wp:term":[{"taxonomy":"category","embeddable":true,"href":"https:\/\/www.teddenizli.k12.tr\/en\/wp-json\/wp\/v2\/categories?post=5831"},{"taxonomy":"post_tag","embeddable":true,"href":"https:\/\/www.teddenizli.k12.tr\/en\/wp-json\/wp\/v2\/tags?post=5831"}],"curies":[{"name":"wp","href":"https:\/\/api.w.org\/{rel}","templated":true}]}}