{"id":5824,"date":"2022-05-17T17:01:20","date_gmt":"2022-05-17T14:01:20","guid":{"rendered":"https:\/\/www.teddenizli.k12.tr\/?p=5824"},"modified":"2022-05-17T17:19:36","modified_gmt":"2022-05-17T14:19:36","slug":"mustafa-kemal-ataturk-gencler-cesaretimizi-guclendiren-ve-surduren-sizlersiniz","status":"publish","type":"post","link":"https:\/\/www.teddenizli.k12.tr\/en\/mustafa-kemal-ataturk-gencler-cesaretimizi-guclendiren-ve-surduren-sizlersiniz\/","title":{"rendered":"MUSTAFA KEMAL ATAT\u00dcRK: \u201cGEN\u00c7LER, CESARET\u0130M\u0130Z\u0130 G\u00dc\u00c7LEND\u0130REN VE S\u00dcRD\u00dcREN S\u0130ZLERS\u0130N\u0130Z.\u201d"},"content":{"rendered":"<p>TED Denizli Kolejinde 19 May\u0131s Atat\u00fcrk\u2019\u00fc Anma, Gen\u00e7lik ve Spor Bayram\u0131 Gen\u00e7lik Festivali A\u00e7\u0131l\u0131\u015f T\u00f6reni, konu\u015fmalar\u0131 ve dans g\u00f6sterisi ile ba\u015flad\u0131.<br \/>\nKolejliler, konferans salonunda TED Orkestras\u0131n\u0131n konseri ile keyifli ve m\u00fczik dolu anlar ya\u015fad\u0131. \u00d6\u011frencilerimiz, liseler aras\u0131 m\u00fczik yar\u0131\u015fmas\u0131nda okulumuzu temsil eden \u00f6\u011frencilerimizin yar\u0131\u015fmada seslendirdikleri &#8220;\u0130stanbul&#8221; isimli \u015fark\u0131y\u0131 sahnede canl\u0131 dinleme f\u0131rsat\u0131 buldu.<\/p>\n<p>G\u00fcn\u00fcn sonunda Re\u015fat Nuri G\u00fcntekin&#8217;in &#8220;H\u00fclleci&#8221; tiyatro oyununu izleyen \u00f6\u011frenciler, k\u00fclt\u00fcr, sanat ve spor dolu bir g\u00fcn ge\u00e7irdi. \u00d6\u011frencilerimiz, ilerleyen g\u00fcnlerde yap\u0131lacak festival etkinlikleri ile bilim fuar\u0131nda g\u00f6zlemleyecekleri ve \u00f6\u011freneceklerini heyecanla bekliyor.<\/p>\n<p style=\"text-align: center;\"><iframe loading=\"lazy\" title=\"YouTube video player\" src=\"https:\/\/www.youtube.com\/embed\/qzHr7yyhYjg\" width=\"727\" height=\"409\" frameborder=\"0\" allowfullscreen=\"allowfullscreen\"><\/iframe><\/p>\n","protected":false},"excerpt":{"rendered":"<p>TED Denizli Kolejinde 19 May\u0131s Atat\u00fcrk\u2019\u00fc Anma, Gen\u00e7lik ve Spor Bayram\u0131 Gen\u00e7lik Festivali A\u00e7\u0131l\u0131\u015f T\u00f6reni, konu\u015fmalar\u0131 ve dans g\u00f6sterisi ile ba\u015flad\u0131. Kolejliler, konferans salonunda TED Orkestras\u0131n\u0131n<span class=\"excerpt-hellip\"> [\u2026]<\/span><\/p>\n","protected":false},"author":14,"featured_media":5825,"comment_status":"closed","ping_status":"closed","sticky":false,"template":"","format":"standard","meta":{"footnotes":""},"categories":[1],"tags":[41,43,44,42,26,18],"class_list":["post-5824","post","type-post","status-publish","format-standard","has-post-thumbnail","hentry","category-haberler-ve-duyurular","tag-19mayisataturkuanmagenclikvesporbayrami","tag-kultur","tag-sanat","tag-spor","tag-teddenizli","tag-teddenizlikoleji"],"_links":{"self":[{"href":"https:\/\/www.teddenizli.k12.tr\/en\/wp-json\/wp\/v2\/posts\/5824","targetHints":{"allow":["GET"]}}],"collection":[{"href":"https:\/\/www.teddenizli.k12.tr\/en\/wp-json\/wp\/v2\/posts"}],"about":[{"href":"https:\/\/www.teddenizli.k12.tr\/en\/wp-json\/wp\/v2\/types\/post"}],"author":[{"embeddable":true,"href":"https:\/\/www.teddenizli.k12.tr\/en\/wp-json\/wp\/v2\/users\/14"}],"replies":[{"embeddable":true,"href":"https:\/\/www.teddenizli.k12.tr\/en\/wp-json\/wp\/v2\/comments?post=5824"}],"version-history":[{"count":0,"href":"https:\/\/www.teddenizli.k12.tr\/en\/wp-json\/wp\/v2\/posts\/5824\/revisions"}],"wp:featuredmedia":[{"embeddable":true,"href":"https:\/\/www.teddenizli.k12.tr\/en\/wp-json\/wp\/v2\/media\/5825"}],"wp:attachment":[{"href":"https:\/\/www.teddenizli.k12.tr\/en\/wp-json\/wp\/v2\/media?parent=5824"}],"wp:term":[{"taxonomy":"category","embeddable":true,"href":"https:\/\/www.teddenizli.k12.tr\/en\/wp-json\/wp\/v2\/categories?post=5824"},{"taxonomy":"post_tag","embeddable":true,"href":"https:\/\/www.teddenizli.k12.tr\/en\/wp-json\/wp\/v2\/tags?post=5824"}],"curies":[{"name":"wp","href":"https:\/\/api.w.org\/{rel}","templated":true}]}}