{"id":5820,"date":"2022-05-14T18:31:18","date_gmt":"2022-05-14T15:31:18","guid":{"rendered":"https:\/\/www.teddenizli.k12.tr\/?p=5820"},"modified":"2022-05-14T18:31:18","modified_gmt":"2022-05-14T15:31:18","slug":"ted-denizli-koleji-fizy-24-liseler-arasi-muzik-yarismasinda","status":"publish","type":"post","link":"https:\/\/www.teddenizli.k12.tr\/en\/ted-denizli-koleji-fizy-24-liseler-arasi-muzik-yarismasinda\/","title":{"rendered":"TED DEN\u0130ZL\u0130 KOLEJ\u0130 Fizy 24. Liseler Aras\u0131 M\u00fczik Yar\u0131\u015fma\u2019s\u0131nda!"},"content":{"rendered":"<p>\u2018\u2019D\u00fcnyan\u0131n En Ba\u015far\u0131l\u0131 Gen\u00e7lik Organizasyonu\u2019\u2019 \u00f6d\u00fcl\u00fcne sahip T\u00fcrkiye\u2019nin m\u00fczik platformu Fizy sponsorlu\u011funda ger\u00e7ekle\u015ftirilen 24. On-Line Liseler Aras\u0131 M\u00fczik Yar\u0131\u015fmas\u0131, T\u00fcrkiye&#8217;nin tek ve en b\u00fcy\u00fck gen\u00e7lik organizasyonudur.<br \/>\nY\u00fczlerce gen\u00e7 m\u00fczisyenin yer ald\u0131\u011f\u0131 yar\u0131\u015fmada \u00f6\u011frenciler, sergiledikleri performans ile m\u00fczik d\u00fcnyas\u0131na ilk   ad\u0131mlar\u0131n\u0131 att\u0131.<br \/>\nTED Denizli Koleji \u00f6\u011frencilerinden, Ceren \u00dc\u00e7y\u0131ld\u0131z , Beren \u00dc\u00e7y\u0131ld\u0131z, Tuana Akbas, Ceren Dayan, Melek \u00d6zkan ve Eren Zengin \u2018\u0130stanbul\u2019 isimli \u015fark\u0131y\u0131 seslendirerek  performanslar\u0131n\u0131 sundu.<\/p>\n","protected":false},"excerpt":{"rendered":"<p>\u2018\u2019D\u00fcnyan\u0131n En Ba\u015far\u0131l\u0131 Gen\u00e7lik Organizasyonu\u2019\u2019 \u00f6d\u00fcl\u00fcne sahip T\u00fcrkiye\u2019nin m\u00fczik platformu Fizy sponsorlu\u011funda ger\u00e7ekle\u015ftirilen 24. On-Line Liseler Aras\u0131 M\u00fczik Yar\u0131\u015fmas\u0131, T\u00fcrkiye&#8217;nin tek ve en b\u00fcy\u00fck gen\u00e7lik organizasyonudur.<span class=\"excerpt-hellip\"> [\u2026]<\/span><\/p>\n","protected":false},"author":14,"featured_media":5821,"comment_status":"closed","ping_status":"closed","sticky":false,"template":"","format":"standard","meta":{"footnotes":""},"categories":[1],"tags":[40,39,26],"class_list":["post-5820","post","type-post","status-publish","format-standard","has-post-thumbnail","hentry","category-haberler-ve-duyurular","tag-fizy","tag-liselerarasimuzikyarismasi","tag-teddenizli"],"_links":{"self":[{"href":"https:\/\/www.teddenizli.k12.tr\/en\/wp-json\/wp\/v2\/posts\/5820","targetHints":{"allow":["GET"]}}],"collection":[{"href":"https:\/\/www.teddenizli.k12.tr\/en\/wp-json\/wp\/v2\/posts"}],"about":[{"href":"https:\/\/www.teddenizli.k12.tr\/en\/wp-json\/wp\/v2\/types\/post"}],"author":[{"embeddable":true,"href":"https:\/\/www.teddenizli.k12.tr\/en\/wp-json\/wp\/v2\/users\/14"}],"replies":[{"embeddable":true,"href":"https:\/\/www.teddenizli.k12.tr\/en\/wp-json\/wp\/v2\/comments?post=5820"}],"version-history":[{"count":0,"href":"https:\/\/www.teddenizli.k12.tr\/en\/wp-json\/wp\/v2\/posts\/5820\/revisions"}],"wp:featuredmedia":[{"embeddable":true,"href":"https:\/\/www.teddenizli.k12.tr\/en\/wp-json\/wp\/v2\/media\/5821"}],"wp:attachment":[{"href":"https:\/\/www.teddenizli.k12.tr\/en\/wp-json\/wp\/v2\/media?parent=5820"}],"wp:term":[{"taxonomy":"category","embeddable":true,"href":"https:\/\/www.teddenizli.k12.tr\/en\/wp-json\/wp\/v2\/categories?post=5820"},{"taxonomy":"post_tag","embeddable":true,"href":"https:\/\/www.teddenizli.k12.tr\/en\/wp-json\/wp\/v2\/tags?post=5820"}],"curies":[{"name":"wp","href":"https:\/\/api.w.org\/{rel}","templated":true}]}}