{"id":5804,"date":"2022-03-26T17:58:59","date_gmt":"2022-03-26T14:58:59","guid":{"rendered":"https:\/\/www.teddenizli.k12.tr\/?p=5804"},"modified":"2022-03-29T14:26:46","modified_gmt":"2022-03-29T11:26:46","slug":"ted-denizli-koleji-rehberlik-birimi-ebeveyn-soylesileri-basladi","status":"publish","type":"post","link":"https:\/\/www.teddenizli.k12.tr\/en\/ted-denizli-koleji-rehberlik-birimi-ebeveyn-soylesileri-basladi\/","title":{"rendered":"REHBERL\u0130K B\u0130R\u0130M\u0130 EBEVEYN S\u00d6YLE\u015e\u0130LER\u0130 BA\u015eLADI"},"content":{"rendered":"<p>Psikolojik Dan\u0131\u015fman Sedat Suba\u015f\u0131, TED Denizli Koleji ebeveynleri ile bulu\u015ftu.<br \/>\nYap\u0131lan s\u00f6yle\u015fide:<br \/>\n&#8211; Ebeveynler \u00e7ocuklar\u0131 ile etkile\u015fimlerinde rol-model olurken kar\u015f\u0131l\u0131kl\u0131 yak\u0131n ili\u015fkiyi nas\u0131l kurabilir?<br \/>\n&#8211; Ebeveynler \u00e7ocuklar\u0131n\u0131n kendisini g\u00fcvende hissettiren koruyucu rehberli\u011fi nas\u0131l y\u00fcr\u00fctebilir?<br \/>\n&#8211; Ebeveynler \u00e7ocuklar\u0131n\u0131 d\u00f6rt geli\u015fim alan\u0131nda (bedensel, zihinsel, sosyal, duygusal) nas\u0131l destekleyebilir?<\/p>\n<p>Sorular\u0131n\u0131n yan\u0131tlar\u0131n\u0131 veren Psikolojik Dan\u0131\u015fman Sedat Suba\u015f\u0131, farkl\u0131 kademelerde de g\u00fcncel ve ebeveynlerin ihtiyac\u0131na y\u00f6nelik konular\u0131 ele alarak velilerle bulu\u015fmalar\u0131na devam edecek.<\/p>\n<p style=\"text-align: center;\"><iframe loading=\"lazy\" title=\"YouTube video player\" src=\"https:\/\/www.youtube.com\/embed\/LiXDGDzXWFg\" width=\"640\" height=\"360\" frameborder=\"0\" allowfullscreen=\"allowfullscreen\"><\/iframe><\/p>\n","protected":false},"excerpt":{"rendered":"<p>Psikolojik Dan\u0131\u015fman Sedat Suba\u015f\u0131, TED Denizli Koleji ebeveynleri ile bulu\u015ftu. Yap\u0131lan s\u00f6yle\u015fide: &#8211; Ebeveynler \u00e7ocuklar\u0131 ile etkile\u015fimlerinde rol-model olurken kar\u015f\u0131l\u0131kl\u0131 yak\u0131n ili\u015fkiyi nas\u0131l kurabilir? &#8211; Ebeveynler<span class=\"excerpt-hellip\"> [\u2026]<\/span><\/p>\n","protected":false},"author":14,"featured_media":5810,"comment_status":"closed","ping_status":"closed","sticky":false,"template":"","format":"standard","meta":{"footnotes":""},"categories":[1],"tags":[37,35,36,18],"class_list":["post-5804","post","type-post","status-publish","format-standard","has-post-thumbnail","hentry","category-haberler-ve-duyurular","tag-psikolojikdanisman","tag-psikolojisoylesisi","tag-rehberlik","tag-teddenizlikoleji"],"_links":{"self":[{"href":"https:\/\/www.teddenizli.k12.tr\/en\/wp-json\/wp\/v2\/posts\/5804","targetHints":{"allow":["GET"]}}],"collection":[{"href":"https:\/\/www.teddenizli.k12.tr\/en\/wp-json\/wp\/v2\/posts"}],"about":[{"href":"https:\/\/www.teddenizli.k12.tr\/en\/wp-json\/wp\/v2\/types\/post"}],"author":[{"embeddable":true,"href":"https:\/\/www.teddenizli.k12.tr\/en\/wp-json\/wp\/v2\/users\/14"}],"replies":[{"embeddable":true,"href":"https:\/\/www.teddenizli.k12.tr\/en\/wp-json\/wp\/v2\/comments?post=5804"}],"version-history":[{"count":0,"href":"https:\/\/www.teddenizli.k12.tr\/en\/wp-json\/wp\/v2\/posts\/5804\/revisions"}],"wp:featuredmedia":[{"embeddable":true,"href":"https:\/\/www.teddenizli.k12.tr\/en\/wp-json\/wp\/v2\/media\/5810"}],"wp:attachment":[{"href":"https:\/\/www.teddenizli.k12.tr\/en\/wp-json\/wp\/v2\/media?parent=5804"}],"wp:term":[{"taxonomy":"category","embeddable":true,"href":"https:\/\/www.teddenizli.k12.tr\/en\/wp-json\/wp\/v2\/categories?post=5804"},{"taxonomy":"post_tag","embeddable":true,"href":"https:\/\/www.teddenizli.k12.tr\/en\/wp-json\/wp\/v2\/tags?post=5804"}],"curies":[{"name":"wp","href":"https:\/\/api.w.org\/{rel}","templated":true}]}}