{"id":5799,"date":"2022-03-21T16:16:30","date_gmt":"2022-03-21T13:16:30","guid":{"rendered":"https:\/\/www.teddenizli.k12.tr\/?p=5799"},"modified":"2022-03-21T16:16:30","modified_gmt":"2022-03-21T13:16:30","slug":"anadolu-yildizlar-liginde-uc-yildiz-sporcu","status":"publish","type":"post","link":"https:\/\/www.teddenizli.k12.tr\/en\/anadolu-yildizlar-liginde-uc-yildiz-sporcu\/","title":{"rendered":"ANADOLU YILDIZLAR L\u0130G\u0130NDE \u00dc\u00c7 YILDIZ SPORCU"},"content":{"rendered":"<p>T\u00fcrkiye Y\u00fczme Federasyonu taraf\u0131ndan ger\u00e7ekle\u015fen Anadolu Y\u0131ld\u0131zlar Ligi se\u00e7me m\u00fcsabakalar\u0131 Denizli Kay\u0131han Y\u00fczme havuzunda yap\u0131ld\u0131. <\/p>\n<p>26-27  \u015eubat 2022 tarihlerinde ger\u00e7ekle\u015fen turnuvada ilimizi temsil edecek en iyi 8 sporcu belirlendi.<\/p>\n<p>2008-2009 do\u011fumlu kad\u0131n ve erkek sporcular, kat\u0131ld\u0131\u011f\u0131 yar\u0131\u015flarda y\u00fczd\u00fckleri en iyi dereceye g\u00f6re bir yar\u0131\u015f puan\u0131 toplad\u0131lar.<\/p>\n<p>Yar\u0131\u015flardan elde ettikleri ba\u015far\u0131l\u0131 derecelerinden dolay\u0131 TED Denizli Koleji S.K \u00f6\u011frencileri Berrak KARNAK, G\u00f6ktan ULCAY, Asya AKSOY; b\u00f6lge \u015fampiyonas\u0131na kat\u0131lmaya hak kazanan en iyi 8 sporcu aras\u0131nda yerlerini almay\u0131 ba\u015fard\u0131.<\/p>\n","protected":false},"excerpt":{"rendered":"<p>T\u00fcrkiye Y\u00fczme Federasyonu taraf\u0131ndan ger\u00e7ekle\u015fen Anadolu Y\u0131ld\u0131zlar Ligi se\u00e7me m\u00fcsabakalar\u0131 Denizli Kay\u0131han Y\u00fczme havuzunda yap\u0131ld\u0131. 26-27 \u015eubat 2022 tarihlerinde ger\u00e7ekle\u015fen turnuvada ilimizi temsil edecek en iyi<span class=\"excerpt-hellip\"> [\u2026]<\/span><\/p>\n","protected":false},"author":14,"featured_media":5800,"comment_status":"closed","ping_status":"closed","sticky":false,"template":"","format":"standard","meta":{"footnotes":""},"categories":[1],"tags":[33,32,34,19],"class_list":["post-5799","post","type-post","status-publish","format-standard","has-post-thumbnail","hentry","category-haberler-ve-duyurular","tag-anadoluyildizlarligi","tag-bolgesampiyonasi","tag-teddenizlikolejisporkulubu","tag-yuzme"],"_links":{"self":[{"href":"https:\/\/www.teddenizli.k12.tr\/en\/wp-json\/wp\/v2\/posts\/5799","targetHints":{"allow":["GET"]}}],"collection":[{"href":"https:\/\/www.teddenizli.k12.tr\/en\/wp-json\/wp\/v2\/posts"}],"about":[{"href":"https:\/\/www.teddenizli.k12.tr\/en\/wp-json\/wp\/v2\/types\/post"}],"author":[{"embeddable":true,"href":"https:\/\/www.teddenizli.k12.tr\/en\/wp-json\/wp\/v2\/users\/14"}],"replies":[{"embeddable":true,"href":"https:\/\/www.teddenizli.k12.tr\/en\/wp-json\/wp\/v2\/comments?post=5799"}],"version-history":[{"count":0,"href":"https:\/\/www.teddenizli.k12.tr\/en\/wp-json\/wp\/v2\/posts\/5799\/revisions"}],"wp:featuredmedia":[{"embeddable":true,"href":"https:\/\/www.teddenizli.k12.tr\/en\/wp-json\/wp\/v2\/media\/5800"}],"wp:attachment":[{"href":"https:\/\/www.teddenizli.k12.tr\/en\/wp-json\/wp\/v2\/media?parent=5799"}],"wp:term":[{"taxonomy":"category","embeddable":true,"href":"https:\/\/www.teddenizli.k12.tr\/en\/wp-json\/wp\/v2\/categories?post=5799"},{"taxonomy":"post_tag","embeddable":true,"href":"https:\/\/www.teddenizli.k12.tr\/en\/wp-json\/wp\/v2\/tags?post=5799"}],"curies":[{"name":"wp","href":"https:\/\/api.w.org\/{rel}","templated":true}]}}