{"id":5795,"date":"2022-03-21T14:45:30","date_gmt":"2022-03-21T11:45:30","guid":{"rendered":"https:\/\/www.teddenizli.k12.tr\/?p=5795"},"modified":"2022-03-21T14:49:37","modified_gmt":"2022-03-21T11:49:37","slug":"ted-denizli-satrancta-kupayi-yine-kaptirmadi","status":"publish","type":"post","link":"https:\/\/www.teddenizli.k12.tr\/en\/ted-denizli-satrancta-kupayi-yine-kaptirmadi\/","title":{"rendered":"TED DEN\u0130ZL\u0130 SATRAN\u00c7TA  KUPAYI Y\u0130NE KAPTIRMADI."},"content":{"rendered":"<p>T\u00fcrkiye Satran\u00e7 Federasyonu taraf\u0131ndan d\u00fczenlenen Denizli H\u0131zl\u0131 Satran\u00e7 \u0130l Birincili\u011fi yo\u011fun ilgi g\u00f6rd\u00fc.<\/p>\n<p>20 Mart tarihinde d\u00fczenlenen turnuvada yar\u0131\u015fmac\u0131lar ve izleyiciler  Yeni\u015fehir- Teraspark Avm turnuva salonunda bulu\u015ftu.<\/p>\n<p>\u0130sve\u00e7 kura sistemi ile e\u015fle\u015fmenin ba\u015flad\u0131\u011f\u0131 turnuvada yar\u0131\u015fmac\u0131lar toplamda 6 kar\u015f\u0131la\u015fmada bulundu.<br \/>\nFarkl\u0131 ya\u015f gruplar\u0131ndan 206 yar\u0131\u015fmac\u0131n\u0131n kat\u0131ld\u0131\u011f\u0131 turnuvadan 5 galibiyet ve 1 beraberlik ile ayr\u0131lan TED Denizli Koleji \u00f6\u011frencisi Ali Kerem KARAKILIN\u00c7 birincilik kupas\u0131n\u0131 ve madalyas\u0131n\u0131 g\u00f6\u011f\u00fcsleyemeyi ba\u015fard\u0131.<\/p>\n<p> H\u0131zl\u0131 Satran\u00e7 Denizli birincili\u011fi ba\u015far\u0131s\u0131n\u0131n ard\u0131ndan TED Denizli Koleji Satran\u00e7 Antren\u00f6r\u00fc Ay\u015fe ERDEM al\u0131nan birincili\u011fin, 19 may\u0131s turnuvas\u0131 i\u00e7inde moral oldu\u011funu belirtti.<\/p>\n<p>Okulumuzu turnuvada en iyi \u015fekilde temsil eden \u00f6\u011frencimizi ve \u00e7al\u0131\u015ft\u0131r\u0131c\u0131 \u00f6\u011fretmenimizi tebrik ediyoruz<\/p>\n","protected":false},"excerpt":{"rendered":"<p>T\u00fcrkiye Satran\u00e7 Federasyonu taraf\u0131ndan d\u00fczenlenen Denizli H\u0131zl\u0131 Satran\u00e7 \u0130l Birincili\u011fi yo\u011fun ilgi g\u00f6rd\u00fc. 20 Mart tarihinde d\u00fczenlenen turnuvada yar\u0131\u015fmac\u0131lar ve izleyiciler Yeni\u015fehir- Teraspark Avm turnuva salonunda<span class=\"excerpt-hellip\"> [\u2026]<\/span><\/p>\n","protected":false},"author":14,"featured_media":5796,"comment_status":"closed","ping_status":"closed","sticky":false,"template":"","format":"standard","meta":{"footnotes":""},"categories":[1],"tags":[28,18],"class_list":["post-5795","post","type-post","status-publish","format-standard","has-post-thumbnail","hentry","category-haberler-ve-duyurular","tag-satranc","tag-teddenizlikoleji"],"_links":{"self":[{"href":"https:\/\/www.teddenizli.k12.tr\/en\/wp-json\/wp\/v2\/posts\/5795","targetHints":{"allow":["GET"]}}],"collection":[{"href":"https:\/\/www.teddenizli.k12.tr\/en\/wp-json\/wp\/v2\/posts"}],"about":[{"href":"https:\/\/www.teddenizli.k12.tr\/en\/wp-json\/wp\/v2\/types\/post"}],"author":[{"embeddable":true,"href":"https:\/\/www.teddenizli.k12.tr\/en\/wp-json\/wp\/v2\/users\/14"}],"replies":[{"embeddable":true,"href":"https:\/\/www.teddenizli.k12.tr\/en\/wp-json\/wp\/v2\/comments?post=5795"}],"version-history":[{"count":0,"href":"https:\/\/www.teddenizli.k12.tr\/en\/wp-json\/wp\/v2\/posts\/5795\/revisions"}],"wp:featuredmedia":[{"embeddable":true,"href":"https:\/\/www.teddenizli.k12.tr\/en\/wp-json\/wp\/v2\/media\/5796"}],"wp:attachment":[{"href":"https:\/\/www.teddenizli.k12.tr\/en\/wp-json\/wp\/v2\/media?parent=5795"}],"wp:term":[{"taxonomy":"category","embeddable":true,"href":"https:\/\/www.teddenizli.k12.tr\/en\/wp-json\/wp\/v2\/categories?post=5795"},{"taxonomy":"post_tag","embeddable":true,"href":"https:\/\/www.teddenizli.k12.tr\/en\/wp-json\/wp\/v2\/tags?post=5795"}],"curies":[{"name":"wp","href":"https:\/\/api.w.org\/{rel}","templated":true}]}}