{"id":5786,"date":"2022-03-18T16:57:04","date_gmt":"2022-03-18T13:57:04","guid":{"rendered":"https:\/\/www.teddenizli.k12.tr\/?p=5786"},"modified":"2022-03-18T16:57:04","modified_gmt":"2022-03-18T13:57:04","slug":"canakkale-sehitleri-unutulmadi","status":"publish","type":"post","link":"https:\/\/www.teddenizli.k12.tr\/en\/canakkale-sehitleri-unutulmadi\/","title":{"rendered":"\u00c7ANAKKALE \u015eEH\u0130TLER\u0130 UNUTULMADI"},"content":{"rendered":"<p>TED Denizli Kolejinde her 18 Mart&#8217;ta oldu\u011fu gibi bu sene de Gazi Mustafa Kemal Atat\u00fcrk ve \u00c7anakkale \u015fehitleri sayg\u0131yla an\u0131ld\u0131.<\/p>\n<p>Sabah t\u00f6reninde bah\u00e7ede toplanan \u00f6\u011frenciler, g\u00fcn\u00fcn anlam ve \u00f6nemini belirten konu\u015fmalar\u0131 dinlendikten sonra sayg\u0131 duru\u015fu ve \u0130stiklal Mar\u015f\u0131&#8217;n\u0131 okudu.<\/p>\n<p>Kolejliler, g\u00fcn\u00fcn devam\u0131nda konferans salonunda ger\u00e7ekle\u015fen g\u00f6steriye kat\u0131ld\u0131lar.<br \/>\nMilli ve manevi duygular\u0131m\u0131z\u0131n kabard\u0131\u011f\u0131 programda t\u00fcm \u015fehitlerimizi sayg\u0131 ve rahmetle bir kez daha hat\u0131rlad\u0131k.<br \/>\nVatan topra\u011f\u0131 i\u00e7in, ay y\u0131ld\u0131zl\u0131 bayrak i\u00e7in, millet i\u00e7in, istikl\u00e2limiz, h\u00fcrriyetimiz i\u00e7in, bizim i\u00e7in hayatlar\u0131n\u0131n bahar\u0131nda \u201cbir g\u00fcl bah\u00e7esine girer gibi kara topra\u011fa giren\u201d aziz \u015fehitlerimiz, ruhunuz \u015fad olsun! Sizleri sayg\u0131yla an\u0131yoruz!<\/p>\n<p style=\"text-align: center;\"><iframe loading=\"lazy\" title=\"YouTube video player\" src=\"https:\/\/www.youtube.com\/embed\/yLye7AjWrkQ\" width=\"727\" height=\"409\" frameborder=\"0\" allowfullscreen=\"allowfullscreen\"><\/iframe><\/p>\n","protected":false},"excerpt":{"rendered":"<p>TED Denizli Kolejinde her 18 Mart&#8217;ta oldu\u011fu gibi bu sene de Gazi Mustafa Kemal Atat\u00fcrk ve \u00c7anakkale \u015fehitleri sayg\u0131yla an\u0131ld\u0131. Sabah t\u00f6reninde bah\u00e7ede toplanan \u00f6\u011frenciler, g\u00fcn\u00fcn<span class=\"excerpt-hellip\"> [\u2026]<\/span><\/p>\n","protected":false},"author":14,"featured_media":5787,"comment_status":"closed","ping_status":"closed","sticky":false,"template":"","format":"standard","meta":{"footnotes":""},"categories":[1],"tags":[29,30,18],"class_list":["post-5786","post","type-post","status-publish","format-standard","has-post-thumbnail","hentry","category-haberler-ve-duyurular","tag-18martcanakkalezaferi","tag-canakkalegecilmez","tag-teddenizlikoleji"],"_links":{"self":[{"href":"https:\/\/www.teddenizli.k12.tr\/en\/wp-json\/wp\/v2\/posts\/5786","targetHints":{"allow":["GET"]}}],"collection":[{"href":"https:\/\/www.teddenizli.k12.tr\/en\/wp-json\/wp\/v2\/posts"}],"about":[{"href":"https:\/\/www.teddenizli.k12.tr\/en\/wp-json\/wp\/v2\/types\/post"}],"author":[{"embeddable":true,"href":"https:\/\/www.teddenizli.k12.tr\/en\/wp-json\/wp\/v2\/users\/14"}],"replies":[{"embeddable":true,"href":"https:\/\/www.teddenizli.k12.tr\/en\/wp-json\/wp\/v2\/comments?post=5786"}],"version-history":[{"count":0,"href":"https:\/\/www.teddenizli.k12.tr\/en\/wp-json\/wp\/v2\/posts\/5786\/revisions"}],"wp:featuredmedia":[{"embeddable":true,"href":"https:\/\/www.teddenizli.k12.tr\/en\/wp-json\/wp\/v2\/media\/5787"}],"wp:attachment":[{"href":"https:\/\/www.teddenizli.k12.tr\/en\/wp-json\/wp\/v2\/media?parent=5786"}],"wp:term":[{"taxonomy":"category","embeddable":true,"href":"https:\/\/www.teddenizli.k12.tr\/en\/wp-json\/wp\/v2\/categories?post=5786"},{"taxonomy":"post_tag","embeddable":true,"href":"https:\/\/www.teddenizli.k12.tr\/en\/wp-json\/wp\/v2\/tags?post=5786"}],"curies":[{"name":"wp","href":"https:\/\/api.w.org\/{rel}","templated":true}]}}