{"id":5782,"date":"2022-03-18T14:49:06","date_gmt":"2022-03-18T11:49:06","guid":{"rendered":"https:\/\/www.teddenizli.k12.tr\/?p=5782"},"modified":"2022-03-18T15:26:16","modified_gmt":"2022-03-18T12:26:16","slug":"gunun-menusu-18-mart","status":"publish","type":"post","link":"https:\/\/www.teddenizli.k12.tr\/en\/gunun-menusu-18-mart\/","title":{"rendered":"G\u00dcN\u00dcN MEN\u00dcS\u00dc 18 MART"},"content":{"rendered":"<p>TED Denizli Koleji \u00f6\u011frencileri 18 Mart \u00f6\u011fle yeme\u011finde Bu\u011fday \u00c7orbas\u0131, Yar\u0131m Ekmek ve \u00dcz\u00fcm Ho\u015faf\u0131 t\u00fcketti.<\/p>\n<p>T\u00fcrk tarihinin en b\u00fcy\u00fck sava\u015f\u0131 olan \u00c7anakkale Sava\u015f\u0131 zafer ile sonu\u00e7lanan\u0131 tam 107 y\u0131l oldu!<br \/>\nCesur y\u00fcrekli Mehmet\u00e7iklerimiz mermi ve top sesleri aras\u0131nda ya\u015fama sava\u015f\u0131 verirken bir yandan da Bu\u011fday \u00c7orbas\u0131, Yar\u0131m Ekmek ve \u00fcz\u00fcm Ho\u015faf\u0131 yiyerek g\u00fc\u00e7l\u00fc kalmaya \u00e7al\u0131\u015f\u0131yorlard\u0131.<\/p>\n<p>Yoktu ekme\u011fi a\u015f\u0131 Yoktu topra\u011f\u0131 ta\u015f\u0131 \u00c7anakkale&#8217;yi ta\u015f\u0131m\u0131\u015ft\u0131 s\u0131rt\u0131nda. Mangal y\u00fcrekli bir on ba\u015f\u0131..<\/p>\n<p>\u00c7anakkale zaferi ve \u015fehitlerimizi \u00e7e\u015fitli etkinliklerle and\u0131\u011f\u0131m\u0131z bu anlaml\u0131 g\u00fcnde, TED Denizli Kolejinin men\u00fcs\u00fcnde de 18 Mart vard\u0131.<\/p>\n","protected":false},"excerpt":{"rendered":"<p>TED Denizli Koleji \u00f6\u011frencileri 18 Mart \u00f6\u011fle yeme\u011finde Bu\u011fday \u00c7orbas\u0131, Yar\u0131m Ekmek ve \u00dcz\u00fcm Ho\u015faf\u0131 t\u00fcketti. T\u00fcrk tarihinin en b\u00fcy\u00fck sava\u015f\u0131 olan \u00c7anakkale Sava\u015f\u0131 zafer ile<span class=\"excerpt-hellip\"> [\u2026]<\/span><\/p>\n","protected":false},"author":14,"featured_media":5783,"comment_status":"closed","ping_status":"closed","sticky":false,"template":"","format":"standard","meta":{"footnotes":""},"categories":[1],"tags":[],"class_list":["post-5782","post","type-post","status-publish","format-standard","has-post-thumbnail","hentry","category-haberler-ve-duyurular"],"_links":{"self":[{"href":"https:\/\/www.teddenizli.k12.tr\/en\/wp-json\/wp\/v2\/posts\/5782","targetHints":{"allow":["GET"]}}],"collection":[{"href":"https:\/\/www.teddenizli.k12.tr\/en\/wp-json\/wp\/v2\/posts"}],"about":[{"href":"https:\/\/www.teddenizli.k12.tr\/en\/wp-json\/wp\/v2\/types\/post"}],"author":[{"embeddable":true,"href":"https:\/\/www.teddenizli.k12.tr\/en\/wp-json\/wp\/v2\/users\/14"}],"replies":[{"embeddable":true,"href":"https:\/\/www.teddenizli.k12.tr\/en\/wp-json\/wp\/v2\/comments?post=5782"}],"version-history":[{"count":0,"href":"https:\/\/www.teddenizli.k12.tr\/en\/wp-json\/wp\/v2\/posts\/5782\/revisions"}],"wp:featuredmedia":[{"embeddable":true,"href":"https:\/\/www.teddenizli.k12.tr\/en\/wp-json\/wp\/v2\/media\/5783"}],"wp:attachment":[{"href":"https:\/\/www.teddenizli.k12.tr\/en\/wp-json\/wp\/v2\/media?parent=5782"}],"wp:term":[{"taxonomy":"category","embeddable":true,"href":"https:\/\/www.teddenizli.k12.tr\/en\/wp-json\/wp\/v2\/categories?post=5782"},{"taxonomy":"post_tag","embeddable":true,"href":"https:\/\/www.teddenizli.k12.tr\/en\/wp-json\/wp\/v2\/tags?post=5782"}],"curies":[{"name":"wp","href":"https:\/\/api.w.org\/{rel}","templated":true}]}}