{"id":5776,"date":"2022-03-18T13:47:41","date_gmt":"2022-03-18T10:47:41","guid":{"rendered":"https:\/\/www.teddenizli.k12.tr\/?p=5776"},"modified":"2022-03-18T13:48:43","modified_gmt":"2022-03-18T10:48:43","slug":"satrancta-iki-kupa-birlikte-geldi","status":"publish","type":"post","link":"https:\/\/www.teddenizli.k12.tr\/en\/satrancta-iki-kupa-birlikte-geldi\/","title":{"rendered":"SATRAN\u00c7TA \u0130K\u0130 KUPA B\u0130RL\u0130KTE GELD\u0130."},"content":{"rendered":"<p>TED Denizli Koleji Minikler A ve Minikler B kategorisinde iki kupa birden kazand\u0131.<\/p>\n<p>Denizli Okul Sporlar\u0131 Minikler Satran\u00e7 \u0130l Birincili\u011fi son buldu. 14-15-16-17 Mart tarihlerinde ger\u00e7ekle\u015fen ve 4 g\u00fcn s\u00fcren yar\u0131\u015fmalara, Minikler A ve Minikler B tak\u0131mlar\u0131 kat\u0131ld\u0131.<br \/>\n5\u2019er ki\u015fiden olu\u015fan tak\u0131mlarda, 4 Asil 1 yedek yar\u0131\u015fmac\u0131 yer ald\u0131. Turnuvada her yar\u0131\u015fmac\u0131 6 defa m\u00fccadele verdi. 6 turdan olu\u015fan yar\u0131\u015fmadan Minikler A ve Minikler B tak\u0131mlar\u0131m\u0131z kupayla ayr\u0131ld\u0131.<\/p>\n<p>2014-2015 do\u011fumlular\u0131n yer ald\u0131\u011f\u0131 Minikler B kategorisinde\u00a0 m\u00fcsabakaya kat\u0131lan 41 tak\u0131m aras\u0131ndan Minik K\u0131zlar B tak\u0131m\u0131 2. Olarak tamamlad\u0131.<br \/>\n2012-2013 do\u011fumlular\u0131n yer ald\u0131\u011f\u0131 Minikler A kategorisinde 58 tak\u0131m m\u00fccadeleye kat\u0131l\u0131rken, Minik K\u0131zlar A tak\u0131m\u0131 ise m\u00fccadeleyi 3. olarak tamamlad\u0131.<\/p>\n<p>Kolejimizi il birincili\u011finde ba\u015far\u0131 ile temsil eden tak\u0131mlar\u0131m\u0131z\u0131 ve \u00f6\u011fretmenimizi tebrik ediyoruz.<\/p>\n","protected":false},"excerpt":{"rendered":"<p>TED Denizli Koleji Minikler A ve Minikler B kategorisinde iki kupa birden kazand\u0131. Denizli Okul Sporlar\u0131 Minikler Satran\u00e7 \u0130l Birincili\u011fi son buldu. 14-15-16-17 Mart tarihlerinde ger\u00e7ekle\u015fen<span class=\"excerpt-hellip\"> [\u2026]<\/span><\/p>\n","protected":false},"author":14,"featured_media":5777,"comment_status":"closed","ping_status":"closed","sticky":false,"template":"","format":"standard","meta":{"footnotes":""},"categories":[1],"tags":[27,28,26,18],"class_list":["post-5776","post","type-post","status-publish","format-standard","has-post-thumbnail","hentry","category-haberler-ve-duyurular","tag-okulsporlari","tag-satranc","tag-teddenizli","tag-teddenizlikoleji"],"_links":{"self":[{"href":"https:\/\/www.teddenizli.k12.tr\/en\/wp-json\/wp\/v2\/posts\/5776","targetHints":{"allow":["GET"]}}],"collection":[{"href":"https:\/\/www.teddenizli.k12.tr\/en\/wp-json\/wp\/v2\/posts"}],"about":[{"href":"https:\/\/www.teddenizli.k12.tr\/en\/wp-json\/wp\/v2\/types\/post"}],"author":[{"embeddable":true,"href":"https:\/\/www.teddenizli.k12.tr\/en\/wp-json\/wp\/v2\/users\/14"}],"replies":[{"embeddable":true,"href":"https:\/\/www.teddenizli.k12.tr\/en\/wp-json\/wp\/v2\/comments?post=5776"}],"version-history":[{"count":0,"href":"https:\/\/www.teddenizli.k12.tr\/en\/wp-json\/wp\/v2\/posts\/5776\/revisions"}],"wp:featuredmedia":[{"embeddable":true,"href":"https:\/\/www.teddenizli.k12.tr\/en\/wp-json\/wp\/v2\/media\/5777"}],"wp:attachment":[{"href":"https:\/\/www.teddenizli.k12.tr\/en\/wp-json\/wp\/v2\/media?parent=5776"}],"wp:term":[{"taxonomy":"category","embeddable":true,"href":"https:\/\/www.teddenizli.k12.tr\/en\/wp-json\/wp\/v2\/categories?post=5776"},{"taxonomy":"post_tag","embeddable":true,"href":"https:\/\/www.teddenizli.k12.tr\/en\/wp-json\/wp\/v2\/tags?post=5776"}],"curies":[{"name":"wp","href":"https:\/\/api.w.org\/{rel}","templated":true}]}}