{"id":5766,"date":"2022-03-17T15:47:36","date_gmt":"2022-03-17T12:47:36","guid":{"rendered":"https:\/\/www.teddenizli.k12.tr\/?p=5766"},"modified":"2022-03-17T16:08:22","modified_gmt":"2022-03-17T13:08:22","slug":"turk-egitim-dernegi-genel-baskani-selcuk-pehlivanoglunu-agirladik","status":"publish","type":"post","link":"https:\/\/www.teddenizli.k12.tr\/en\/turk-egitim-dernegi-genel-baskani-selcuk-pehlivanoglunu-agirladik\/","title":{"rendered":"Pehlivano\u011flu&#8217;nu a\u011f\u0131rlad\u0131k"},"content":{"rendered":"<p>T\u00fcrk E\u011fitim Derne\u011fi Genel Ba\u015fkan\u0131 Say\u0131n Sel\u00e7uk Pehlivano\u011flu&#8217;nu TED Denizli Koleji&#8217;ni ziyaret etti. Y\u00f6netim kademesi, \u00f6\u011fretmen ve \u00f6\u011frencilerle bir araya gelen Pehlivano\u011flu&#8217;na TED Y\u00f6netim Kurulu \u00dcyesi \u00d6zge Tulu ve TED Genel Merkez E\u011fitim Koordinat\u00f6rl\u00fc\u011f\u00fc&#8217;nden E\u011fitim Uzman\u0131 Beg\u00fcm Erik\u00e7i de e\u015flik etti.<\/p>\n<p>Pehlivano\u011flu sabah erken saatte ba\u015flayan Denizli maratonunda ilk olarak Y\u00f6netim Kurulu Ba\u015fkan\u0131m\u0131z \u0130lker Emek ve kurucu ortaklar\u0131m\u0131zla bir toplant\u0131 ger\u00e7ekle\u015ftirdi. Ard\u0131ndan okul m\u00fcd\u00fcrleri ve okul aile birli\u011fi y\u00f6neticileriyle g\u00f6r\u00fc\u015fen Pehlivano\u011flu, konferans salonunda \u00f6\u011frencilerimizle bir araya geldi. Anaokulu, ilkokul, ortaokul ve lise kademelerini gezerek derslere konuk olan Pehlivaono\u011flu, g\u00fcn\u00fcn sonunda bu kez \u00f6\u011fretmenlerimizle bir araya geldi.<\/p>\n<p>TED Genel Ba\u015fkan\u0131 Pehlivano\u011flu, \u00f6\u011fretmen ve \u00f6\u011frenci bulu\u015fmalar\u0131nda T\u00fcrkiye&#8217;nin e\u011fitim alan\u0131nda kurulmu\u015f ilk sivil toplum \u00f6rg\u00fct\u00fc olduklar\u0131na vurgu yaparak, &#8220;T\u00fcrk E\u011fitim Derne\u011fi&#8217;nin bu \u00fclkenin e\u011fitimi ve gelece\u011fi ile ilgili \u00e7ok \u00f6nemli g\u00f6revleri var. Biz bu sorumluluklar\u0131n fark\u0131nda olan birer g\u00f6n\u00fcll\u00fc olarak memleketimize hizmet etmeye \u00e7al\u0131\u015f\u0131yoruz. Dokunabildi\u011fimiz her \u00e7ocu\u011fa dokunmak ad\u0131na b\u00fcy\u00fck bir emek sarf ediyoruz. \u00c7\u00fcnk\u00fc biliyoruz ki \u00fclkemizin kaderini \u00e7ocuklar\u0131m\u0131z de\u011fi\u015ftirecek&#8221; diye seslendi.<\/p>\n<p style=\"text-align: center;\"><iframe loading=\"lazy\" title=\"YouTube video player\" src=\"https:\/\/www.youtube.com\/embed\/Tieyt8D7CEQ\" width=\"727\" height=\"409\" frameborder=\"0\" allowfullscreen=\"allowfullscreen\"><\/iframe><\/p>\n<p><a href=\"https:\/\/wetransfer.com\/downloads\/e63be8ff84a7786087b1db130cb1a54520220317104919\/f3247d\"><strong>T\u00dcRK E\u011e\u0130T\u0130M DERNE\u011e\u0130 GENEL BA\u015eKANI SEL\u00c7UK PEHL\u0130VANO\u011eLU&#8217;NUN OKUL GEZ\u0130S\u0130 SIRASINDA Z\u0130YARET ETT\u0130\u011e\u0130 SINIFLARDA \u00d6\u011eRENC\u0130LER\u0130M\u0130ZLE B\u0130RL\u0130KTE \u00c7EK\u0130LEN FOTO\u011eRAFLARI BU YAZIYI TIKLAYARAK \u0130ND\u0130REB\u0130L\u0130RS\u0130N\u0130Z.<\/strong><\/a><\/p>\n<p>&nbsp;<\/p>\n<p><a href=\"https:\/\/www.teddenizli.k12.tr\/turk-egitim-dernegi-genel-baskani-selcuk-pehlivanoglunu-agirladik\/2-turk-egitim-dernegi-selcuk-pehlivaroglu-ted-denizli-koleji-yonetim-kurulu-baskani-ilker-emek-ziyaret-16-mart\/\" rel=\"attachment wp-att-5767\"><img loading=\"lazy\" decoding=\"async\" class=\"alignnone size-full wp-image-5767\" src=\"https:\/\/www.teddenizli.k12.tr\/wp-content\/uploads\/2022\/03\/2-turk-egitim-dernegi-selcuk-pehlivaroglu-ted-denizli-koleji-yonetim-kurulu-baskani-ilker-emek-ziyaret-16-mart.jpg\" alt=\"\" width=\"1200\" height=\"503\" srcset=\"https:\/\/www.teddenizli.k12.tr\/en\/wp-content\/uploads\/2022\/03\/2-turk-egitim-dernegi-selcuk-pehlivaroglu-ted-denizli-koleji-yonetim-kurulu-baskani-ilker-emek-ziyaret-16-mart.jpg 1200w, https:\/\/www.teddenizli.k12.tr\/en\/wp-content\/uploads\/2022\/03\/2-turk-egitim-dernegi-selcuk-pehlivaroglu-ted-denizli-koleji-yonetim-kurulu-baskani-ilker-emek-ziyaret-16-mart-300x126.jpg 300w, https:\/\/www.teddenizli.k12.tr\/en\/wp-content\/uploads\/2022\/03\/2-turk-egitim-dernegi-selcuk-pehlivaroglu-ted-denizli-koleji-yonetim-kurulu-baskani-ilker-emek-ziyaret-16-mart-1024x429.jpg 1024w, https:\/\/www.teddenizli.k12.tr\/en\/wp-content\/uploads\/2022\/03\/2-turk-egitim-dernegi-selcuk-pehlivaroglu-ted-denizli-koleji-yonetim-kurulu-baskani-ilker-emek-ziyaret-16-mart-768x322.jpg 768w, https:\/\/www.teddenizli.k12.tr\/en\/wp-content\/uploads\/2022\/03\/2-turk-egitim-dernegi-selcuk-pehlivaroglu-ted-denizli-koleji-yonetim-kurulu-baskani-ilker-emek-ziyaret-16-mart-260x109.jpg 260w, https:\/\/www.teddenizli.k12.tr\/en\/wp-content\/uploads\/2022\/03\/2-turk-egitim-dernegi-selcuk-pehlivaroglu-ted-denizli-koleji-yonetim-kurulu-baskani-ilker-emek-ziyaret-16-mart-50x21.jpg 50w, https:\/\/www.teddenizli.k12.tr\/en\/wp-content\/uploads\/2022\/03\/2-turk-egitim-dernegi-selcuk-pehlivaroglu-ted-denizli-koleji-yonetim-kurulu-baskani-ilker-emek-ziyaret-16-mart-150x63.jpg 150w\" sizes=\"auto, (max-width:767px) 480px, (max-width:1200px) 100vw, 1200px\" \/><\/a><\/p>\n","protected":false},"excerpt":{"rendered":"<p>T\u00fcrk E\u011fitim Derne\u011fi Genel Ba\u015fkan\u0131 Say\u0131n Sel\u00e7uk Pehlivano\u011flu&#8217;nu TED Denizli Koleji&#8217;ni ziyaret etti. Y\u00f6netim kademesi, \u00f6\u011fretmen ve \u00f6\u011frencilerle bir araya gelen Pehlivano\u011flu&#8217;na TED Y\u00f6netim Kurulu \u00dcyesi<span class=\"excerpt-hellip\"> [\u2026]<\/span><\/p>\n","protected":false},"author":14,"featured_media":5768,"comment_status":"closed","ping_status":"closed","sticky":false,"template":"","format":"standard","meta":{"footnotes":""},"categories":[1],"tags":[],"class_list":["post-5766","post","type-post","status-publish","format-standard","has-post-thumbnail","hentry","category-haberler-ve-duyurular"],"_links":{"self":[{"href":"https:\/\/www.teddenizli.k12.tr\/en\/wp-json\/wp\/v2\/posts\/5766","targetHints":{"allow":["GET"]}}],"collection":[{"href":"https:\/\/www.teddenizli.k12.tr\/en\/wp-json\/wp\/v2\/posts"}],"about":[{"href":"https:\/\/www.teddenizli.k12.tr\/en\/wp-json\/wp\/v2\/types\/post"}],"author":[{"embeddable":true,"href":"https:\/\/www.teddenizli.k12.tr\/en\/wp-json\/wp\/v2\/users\/14"}],"replies":[{"embeddable":true,"href":"https:\/\/www.teddenizli.k12.tr\/en\/wp-json\/wp\/v2\/comments?post=5766"}],"version-history":[{"count":0,"href":"https:\/\/www.teddenizli.k12.tr\/en\/wp-json\/wp\/v2\/posts\/5766\/revisions"}],"wp:featuredmedia":[{"embeddable":true,"href":"https:\/\/www.teddenizli.k12.tr\/en\/wp-json\/wp\/v2\/media\/5768"}],"wp:attachment":[{"href":"https:\/\/www.teddenizli.k12.tr\/en\/wp-json\/wp\/v2\/media?parent=5766"}],"wp:term":[{"taxonomy":"category","embeddable":true,"href":"https:\/\/www.teddenizli.k12.tr\/en\/wp-json\/wp\/v2\/categories?post=5766"},{"taxonomy":"post_tag","embeddable":true,"href":"https:\/\/www.teddenizli.k12.tr\/en\/wp-json\/wp\/v2\/tags?post=5766"}],"curies":[{"name":"wp","href":"https:\/\/api.w.org\/{rel}","templated":true}]}}