{"id":5762,"date":"2022-03-16T16:55:41","date_gmt":"2022-03-16T13:55:41","guid":{"rendered":"https:\/\/www.teddenizli.k12.tr\/?p=5762"},"modified":"2022-03-16T16:55:41","modified_gmt":"2022-03-16T13:55:41","slug":"okul-sporlari-yuzme-il-birinciligi-sona-erdi","status":"publish","type":"post","link":"https:\/\/www.teddenizli.k12.tr\/en\/okul-sporlari-yuzme-il-birinciligi-sona-erdi\/","title":{"rendered":"OKUL SPORLARI Y\u00dcZME \u0130L B\u0130R\u0130NC\u0130L\u0130\u011e\u0130 SONA ERD\u0130"},"content":{"rendered":"<p>Okul Sporlar\u0131 K\u00fc\u00e7\u00fck Erkekler (10-11 Ya\u015f) Y\u00fczme Denizli \u0130l Birincili\u011fi son buldu.  3 g\u00fcn s\u00fcren yar\u0131\u015fmalarda bireyselde 3, tak\u0131mda 1 alt\u0131n ve 1 g\u00fcm\u00fc\u015f madalya kazanan \u00f6\u011frencilerimiz turnuvay\u0131 ba\u015far\u0131yla tamamlad\u0131.<\/p>\n<p>\u00d6\u011frencimiz \u00d6mer Emir G\u00f6rkan, m\u00fcsabakalarda 3 alt\u0131n madalyayla turnuvan\u0131n dikkat \u00e7eken isimlerinden biri olurken, TED Denizli Koleji erkek tak\u0131m\u0131m\u0131z 1 alt\u0131n ve g\u00fcm\u00fc\u015f madalyayla, genel klasmanda il 3.s\u00fc oldu. <\/p>\n<p>Kolejimizi il birincili\u011finde ba\u015far\u0131 ile temsil eden \u00f6\u011frencilerimizi ve \u00e7al\u0131\u015ft\u0131r\u0131c\u0131 \u00f6\u011fretmenimizi tebrik ediyoruz.<\/p>\n","protected":false},"excerpt":{"rendered":"<p>Okul Sporlar\u0131 K\u00fc\u00e7\u00fck Erkekler (10-11 Ya\u015f) Y\u00fczme Denizli \u0130l Birincili\u011fi son buldu. 3 g\u00fcn s\u00fcren yar\u0131\u015fmalarda bireyselde 3, tak\u0131mda 1 alt\u0131n ve 1 g\u00fcm\u00fc\u015f madalya kazanan<span class=\"excerpt-hellip\"> [\u2026]<\/span><\/p>\n","protected":false},"author":14,"featured_media":5763,"comment_status":"closed","ping_status":"closed","sticky":false,"template":"","format":"standard","meta":{"footnotes":""},"categories":[1],"tags":[27,26,18,19],"class_list":["post-5762","post","type-post","status-publish","format-standard","has-post-thumbnail","hentry","category-haberler-ve-duyurular","tag-okulsporlari","tag-teddenizli","tag-teddenizlikoleji","tag-yuzme"],"_links":{"self":[{"href":"https:\/\/www.teddenizli.k12.tr\/en\/wp-json\/wp\/v2\/posts\/5762","targetHints":{"allow":["GET"]}}],"collection":[{"href":"https:\/\/www.teddenizli.k12.tr\/en\/wp-json\/wp\/v2\/posts"}],"about":[{"href":"https:\/\/www.teddenizli.k12.tr\/en\/wp-json\/wp\/v2\/types\/post"}],"author":[{"embeddable":true,"href":"https:\/\/www.teddenizli.k12.tr\/en\/wp-json\/wp\/v2\/users\/14"}],"replies":[{"embeddable":true,"href":"https:\/\/www.teddenizli.k12.tr\/en\/wp-json\/wp\/v2\/comments?post=5762"}],"version-history":[{"count":0,"href":"https:\/\/www.teddenizli.k12.tr\/en\/wp-json\/wp\/v2\/posts\/5762\/revisions"}],"wp:featuredmedia":[{"embeddable":true,"href":"https:\/\/www.teddenizli.k12.tr\/en\/wp-json\/wp\/v2\/media\/5763"}],"wp:attachment":[{"href":"https:\/\/www.teddenizli.k12.tr\/en\/wp-json\/wp\/v2\/media?parent=5762"}],"wp:term":[{"taxonomy":"category","embeddable":true,"href":"https:\/\/www.teddenizli.k12.tr\/en\/wp-json\/wp\/v2\/categories?post=5762"},{"taxonomy":"post_tag","embeddable":true,"href":"https:\/\/www.teddenizli.k12.tr\/en\/wp-json\/wp\/v2\/tags?post=5762"}],"curies":[{"name":"wp","href":"https:\/\/api.w.org\/{rel}","templated":true}]}}