{"id":5756,"date":"2022-03-16T08:30:37","date_gmt":"2022-03-16T05:30:37","guid":{"rendered":"https:\/\/www.teddenizli.k12.tr\/?p=5756"},"modified":"2022-03-16T08:31:05","modified_gmt":"2022-03-16T05:31:05","slug":"ted-denizli-koleji-okul-sporlari-denizli-yuzme-il-birinciligi-10-11-yas-erkeklerin-2-gununde-2-madalya-daha-aldi","status":"publish","type":"post","link":"https:\/\/www.teddenizli.k12.tr\/en\/ted-denizli-koleji-okul-sporlari-denizli-yuzme-il-birinciligi-10-11-yas-erkeklerin-2-gununde-2-madalya-daha-aldi\/","title":{"rendered":"2 MADALYA DAHA ALDIK!"},"content":{"rendered":"<p>Okul Sporlar\u0131 Denizli Y\u00fczme \u0130l Birincili\u011fi 10-11 Ya\u015f Erkekler&#8217;de TED Denizli Koleji, ikinci g\u00fcn\u00fc bir birincilik bir de ikincilik ile tamamlad\u0131.<\/p>\n<p>Okul Sporlar\u0131n\u0131n ilk g\u00fcn\u00fcnde 2 birincilik alan ba\u015far\u0131l\u0131 \u00f6\u011frencimiz \u00d6mer Emir G\u00f6rkan, ikinci g\u00fcn\u00fcnde de birincili\u011fe uzand\u0131. 100 metre kelebekte birincilik alan G\u00f6rkan, bizi bir kez daha gururland\u0131rd\u0131.<\/p>\n<p>Denizli B\u00fcy\u00fck\u015fehir Belediyesi Kay\u0131han Kapal\u0131 Y\u00fczme Havuzunda ger\u00e7ekle\u015ftirilen y\u00fczme il birincili\u011fi kar\u015f\u0131la\u015fmalar\u0131n\u0131n 2. g\u00fcn\u00fcnde erkek tak\u0131m\u0131m\u0131z ise bu kez serbest y\u00fczmede ikincilik kazand\u0131. <\/p>\n<p>TED Denizli Koleji 2. g\u00fcn\u00fcn sonunda bireyselde \u00d6mer Emir sayesinde 3 birincilik, tak\u0131mda ise 1 birincilik 1 de ikincilik ba\u015far\u0131s\u0131 elde etti.<\/p>\n<p>Okulumuzu en iyi \u015fekilde temsil eden \u00f6\u011frencilerimizi ve \u00e7al\u0131\u015ft\u0131r\u0131c\u0131 \u00f6\u011fretmenimizi tebrik ediyoruz.<\/p>\n","protected":false},"excerpt":{"rendered":"<p>Okul Sporlar\u0131 Denizli Y\u00fczme \u0130l Birincili\u011fi 10-11 Ya\u015f Erkekler&#8217;de TED Denizli Koleji, ikinci g\u00fcn\u00fc bir birincilik bir de ikincilik ile tamamlad\u0131. Okul Sporlar\u0131n\u0131n ilk g\u00fcn\u00fcnde 2<span class=\"excerpt-hellip\"> [\u2026]<\/span><\/p>\n","protected":false},"author":14,"featured_media":5757,"comment_status":"closed","ping_status":"closed","sticky":false,"template":"","format":"standard","meta":{"footnotes":""},"categories":[1],"tags":[26,18,19],"class_list":["post-5756","post","type-post","status-publish","format-standard","has-post-thumbnail","hentry","category-haberler-ve-duyurular","tag-teddenizli","tag-teddenizlikoleji","tag-yuzme"],"_links":{"self":[{"href":"https:\/\/www.teddenizli.k12.tr\/en\/wp-json\/wp\/v2\/posts\/5756","targetHints":{"allow":["GET"]}}],"collection":[{"href":"https:\/\/www.teddenizli.k12.tr\/en\/wp-json\/wp\/v2\/posts"}],"about":[{"href":"https:\/\/www.teddenizli.k12.tr\/en\/wp-json\/wp\/v2\/types\/post"}],"author":[{"embeddable":true,"href":"https:\/\/www.teddenizli.k12.tr\/en\/wp-json\/wp\/v2\/users\/14"}],"replies":[{"embeddable":true,"href":"https:\/\/www.teddenizli.k12.tr\/en\/wp-json\/wp\/v2\/comments?post=5756"}],"version-history":[{"count":0,"href":"https:\/\/www.teddenizli.k12.tr\/en\/wp-json\/wp\/v2\/posts\/5756\/revisions"}],"wp:featuredmedia":[{"embeddable":true,"href":"https:\/\/www.teddenizli.k12.tr\/en\/wp-json\/wp\/v2\/media\/5757"}],"wp:attachment":[{"href":"https:\/\/www.teddenizli.k12.tr\/en\/wp-json\/wp\/v2\/media?parent=5756"}],"wp:term":[{"taxonomy":"category","embeddable":true,"href":"https:\/\/www.teddenizli.k12.tr\/en\/wp-json\/wp\/v2\/categories?post=5756"},{"taxonomy":"post_tag","embeddable":true,"href":"https:\/\/www.teddenizli.k12.tr\/en\/wp-json\/wp\/v2\/tags?post=5756"}],"curies":[{"name":"wp","href":"https:\/\/api.w.org\/{rel}","templated":true}]}}