{"id":5749,"date":"2022-03-15T18:00:55","date_gmt":"2022-03-15T15:00:55","guid":{"rendered":"https:\/\/www.teddenizli.k12.tr\/?p=5749"},"modified":"2022-03-15T17:24:40","modified_gmt":"2022-03-15T14:24:40","slug":"ted-denizli-2-uluslarasi-online-munazara-turnuvasinin-kazanani-sabanci-lisesi-oldu","status":"publish","type":"post","link":"https:\/\/www.teddenizli.k12.tr\/en\/ted-denizli-2-uluslarasi-online-munazara-turnuvasinin-kazanani-sabanci-lisesi-oldu\/","title":{"rendered":"SABANCI L\u0130SES\u0130&#8217;N\u0130 KUTLUYORUZ"},"content":{"rendered":"<p>TED Denizli Koleji M\u00fcnazara Toplulu\u011fu taraf\u0131ndan 2.si d\u00fczenlenen Ulusal Online M\u00fcnazara Turnuvas\u0131 T\u00fcrkiye\u2019nin pek \u00e7ok ilinden gelen 80 tak\u0131m\u0131n kat\u0131l\u0131m\u0131yla ger\u00e7ekle\u015ftirildi.<\/p>\n<p>Turnuvam\u0131z\u0131n \u015fampiyonu Sabanc\u0131 Lisesi M\u00fcnazara Kul\u00fcb\u00fc \u00d6\u011frencileri B\u00fc\u015fra Dilsizo\u011flu ve Merve Dilsizo\u011flu oldu.<\/p>\n<p>B\u00fcy\u00fck bir heyecanla ev sahipli\u011fi yapt\u0131\u011f\u0131m\u0131z turnuva verimli ve e\u011flenceli bir \u015fekilde sona erdi. Turnuvam\u0131za kat\u0131l\u0131m sa\u011flayan her bir m\u00fcnazara ekibine te\u015fekk\u00fcr ederiz.<\/p>\n","protected":false},"excerpt":{"rendered":"<p>TED Denizli Koleji M\u00fcnazara Toplulu\u011fu taraf\u0131ndan 2.si d\u00fczenlenen Ulusal Online M\u00fcnazara Turnuvas\u0131 T\u00fcrkiye\u2019nin pek \u00e7ok ilinden gelen 80 tak\u0131m\u0131n kat\u0131l\u0131m\u0131yla ger\u00e7ekle\u015ftirildi. Turnuvam\u0131z\u0131n \u015fampiyonu Sabanc\u0131 Lisesi M\u00fcnazara<span class=\"excerpt-hellip\"> [\u2026]<\/span><\/p>\n","protected":false},"author":14,"featured_media":5755,"comment_status":"closed","ping_status":"closed","sticky":false,"template":"","format":"standard","meta":{"footnotes":""},"categories":[1],"tags":[25,26],"class_list":["post-5749","post","type-post","status-publish","format-standard","has-post-thumbnail","hentry","category-haberler-ve-duyurular","tag-munazara","tag-teddenizli"],"_links":{"self":[{"href":"https:\/\/www.teddenizli.k12.tr\/en\/wp-json\/wp\/v2\/posts\/5749","targetHints":{"allow":["GET"]}}],"collection":[{"href":"https:\/\/www.teddenizli.k12.tr\/en\/wp-json\/wp\/v2\/posts"}],"about":[{"href":"https:\/\/www.teddenizli.k12.tr\/en\/wp-json\/wp\/v2\/types\/post"}],"author":[{"embeddable":true,"href":"https:\/\/www.teddenizli.k12.tr\/en\/wp-json\/wp\/v2\/users\/14"}],"replies":[{"embeddable":true,"href":"https:\/\/www.teddenizli.k12.tr\/en\/wp-json\/wp\/v2\/comments?post=5749"}],"version-history":[{"count":0,"href":"https:\/\/www.teddenizli.k12.tr\/en\/wp-json\/wp\/v2\/posts\/5749\/revisions"}],"wp:featuredmedia":[{"embeddable":true,"href":"https:\/\/www.teddenizli.k12.tr\/en\/wp-json\/wp\/v2\/media\/5755"}],"wp:attachment":[{"href":"https:\/\/www.teddenizli.k12.tr\/en\/wp-json\/wp\/v2\/media?parent=5749"}],"wp:term":[{"taxonomy":"category","embeddable":true,"href":"https:\/\/www.teddenizli.k12.tr\/en\/wp-json\/wp\/v2\/categories?post=5749"},{"taxonomy":"post_tag","embeddable":true,"href":"https:\/\/www.teddenizli.k12.tr\/en\/wp-json\/wp\/v2\/tags?post=5749"}],"curies":[{"name":"wp","href":"https:\/\/api.w.org\/{rel}","templated":true}]}}