{"id":5742,"date":"2022-03-15T16:19:15","date_gmt":"2022-03-15T13:19:15","guid":{"rendered":"https:\/\/www.teddenizli.k12.tr\/?p=5742"},"modified":"2022-03-15T16:31:28","modified_gmt":"2022-03-15T13:31:28","slug":"ted-denizli-ortaokulu-ogrencileri-matematik-gunu-etkinliklerinde-yaristi-yasasin-matematik","status":"publish","type":"post","link":"https:\/\/www.teddenizli.k12.tr\/en\/ted-denizli-ortaokulu-ogrencileri-matematik-gunu-etkinliklerinde-yaristi-yasasin-matematik\/","title":{"rendered":"YA\u015eASIN MATEMAT\u0130K!"},"content":{"rendered":"<p>TED Denizli Koleji olarak 14 Mart UNESCO D\u00fcnya Matematik G\u00fcn\u00fc&#8217;n\u00fc iki g\u00fcn s\u00fcren bir dizi etkinlikle kutlad\u0131k.<\/p>\n<p>Pazartesi sabah t\u00f6reninde 7. S\u0131n\u0131f \u00f6\u011frencilerimizin &#8220;Matematik ve Pi say\u0131s\u0131&#8221; hakk\u0131nda arkada\u015flar\u0131n\u0131 bilgilendirirken, TED Denizli Dans Kul\u00fcb\u00fc \u00d6\u011frencileri Pi Say\u0131s\u0131na at\u0131fla hulahop g\u00f6sterisi yapt\u0131.<\/p>\n<p>Ayr\u0131ca t\u00f6ren sonras\u0131 bir Hazine Av\u0131 Yar\u0131\u015fmas\u0131 da yap\u0131ld\u0131. Matematik sorular\u0131ndan ipu\u00e7lar\u0131 arayan 5, 6 ve 7. S\u0131n\u0131f \u00f6\u011frencileri okul koridorlar\u0131nda, do\u011fru cevaplad\u0131klar\u0131 sorular kar\u015f\u0131s\u0131nda k\u0131yas\u0131ya yar\u0131\u015ft\u0131. Hedefe ilk ula\u015fan ekip \u00f6d\u00fcllendirildi.<\/p>\n<p>\u0130kinci g\u00fcn ise 5. S\u0131n\u0131flar yemekhaneye girdi. Matematik sembollerinden kurabiye yapan yetenekli 5&#8217;ler bir gelene\u011fi yerine getirmi\u015f oldu.<\/p>\n<p>\u0130kinci g\u00fcn\u00fcn yar\u0131\u015fmas\u0131 ise Ak\u0131l oyunlar\u0131 idi. \u0130ki ayr\u0131 oturumda ger\u00e7ekle\u015ftirilen yar\u0131\u015fmada 5. ve 6. s\u0131n\u0131f \u00f6\u011frencileri birbirileri aras\u0131nda yar\u0131\u015f\u0131rken, di\u011fer oturumda ise 7. ve 8. s\u0131n\u0131f \u00f6\u011frencileri dereceye girmek i\u00e7in u\u011fra\u015ft\u0131.<\/p>\n<p>2019&#8217;a kadar, her y\u0131l 3. ay\u0131n 14. g\u00fcn\u00fc say\u0131 de\u011feri kar\u015f\u0131l\u0131\u011f\u0131 3,14 olan Pi G\u00fcn\u00fc olarak kutlan\u0131yordu. UNESCO 2019&#8217;da ald\u0131\u011f\u0131 kararla 14 Mart\u0131 D\u00fcnya Matematik G\u00fcn olarak ilan etti.<\/p>\n<p style=\"text-align: center;\"><iframe loading=\"lazy\" title=\"YouTube video player\" src=\"https:\/\/www.youtube.com\/embed\/PtO5fKtZ7sI\" width=\"727\" height=\"409\" frameborder=\"0\" allowfullscreen=\"allowfullscreen\"><\/iframe><\/p>\n","protected":false},"excerpt":{"rendered":"<p>TED Denizli Koleji olarak 14 Mart UNESCO D\u00fcnya Matematik G\u00fcn\u00fc&#8217;n\u00fc iki g\u00fcn s\u00fcren bir dizi etkinlikle kutlad\u0131k. Pazartesi sabah t\u00f6reninde 7. S\u0131n\u0131f \u00f6\u011frencilerimizin &#8220;Matematik ve Pi<span class=\"excerpt-hellip\"> [\u2026]<\/span><\/p>\n","protected":false},"author":14,"featured_media":5743,"comment_status":"closed","ping_status":"closed","sticky":false,"template":"","format":"standard","meta":{"footnotes":""},"categories":[1],"tags":[22,24,23,18],"class_list":["post-5742","post","type-post","status-publish","format-standard","has-post-thumbnail","hentry","category-haberler-ve-duyurular","tag-matematik","tag-matematikgunu","tag-pigunu","tag-teddenizlikoleji"],"_links":{"self":[{"href":"https:\/\/www.teddenizli.k12.tr\/en\/wp-json\/wp\/v2\/posts\/5742","targetHints":{"allow":["GET"]}}],"collection":[{"href":"https:\/\/www.teddenizli.k12.tr\/en\/wp-json\/wp\/v2\/posts"}],"about":[{"href":"https:\/\/www.teddenizli.k12.tr\/en\/wp-json\/wp\/v2\/types\/post"}],"author":[{"embeddable":true,"href":"https:\/\/www.teddenizli.k12.tr\/en\/wp-json\/wp\/v2\/users\/14"}],"replies":[{"embeddable":true,"href":"https:\/\/www.teddenizli.k12.tr\/en\/wp-json\/wp\/v2\/comments?post=5742"}],"version-history":[{"count":0,"href":"https:\/\/www.teddenizli.k12.tr\/en\/wp-json\/wp\/v2\/posts\/5742\/revisions"}],"wp:featuredmedia":[{"embeddable":true,"href":"https:\/\/www.teddenizli.k12.tr\/en\/wp-json\/wp\/v2\/media\/5743"}],"wp:attachment":[{"href":"https:\/\/www.teddenizli.k12.tr\/en\/wp-json\/wp\/v2\/media?parent=5742"}],"wp:term":[{"taxonomy":"category","embeddable":true,"href":"https:\/\/www.teddenizli.k12.tr\/en\/wp-json\/wp\/v2\/categories?post=5742"},{"taxonomy":"post_tag","embeddable":true,"href":"https:\/\/www.teddenizli.k12.tr\/en\/wp-json\/wp\/v2\/tags?post=5742"}],"curies":[{"name":"wp","href":"https:\/\/api.w.org\/{rel}","templated":true}]}}