{"id":5739,"date":"2022-03-15T14:11:44","date_gmt":"2022-03-15T11:11:44","guid":{"rendered":"https:\/\/www.teddenizli.k12.tr\/?p=5739"},"modified":"2022-03-15T14:11:44","modified_gmt":"2022-03-15T11:11:44","slug":"gelecegin-liderleri-online-konferansta-bulustu","status":"publish","type":"post","link":"https:\/\/www.teddenizli.k12.tr\/en\/gelecegin-liderleri-online-konferansta-bulustu\/","title":{"rendered":"GELECE\u011e\u0130N L\u0130DERLER\u0130 ONL\u0130NE KONFERANSTA BULU\u015eTU"},"content":{"rendered":"<p>MUN (Model United Nations) club students Ela Zeynep Ayd\u0131nefe and \u015eevval Berber school MUN club advisor Selen Kara attented the conference on TBMUN&#8217;22 &#8220;Lead the Future&#8221; organized by TED Bodrum College on March 10-12. Our students have successfully represented our school with their delegates in the DISEC and UNHCR committees. We congrutulate our teacher and students for their contributions and efforts.<\/p>\n<p>TED Denizli Koleji MUN Kul\u00fcb\u00fc olarak TED Bodrum Koleji&#8217;nin 10-12 Mart tarihinde d\u00fczenledi\u011fi TBMUN&#8217;22 &#8220;Lead the Future&#8221; konulu online konferansa kat\u0131ld\u0131k.<\/p>\n<p>\u00d6\u011frencilerimiz Ela Zeynep Ayd\u0131nefe ve \u015eevval Berber, MUN Kul\u00fcb\u00fc dan\u0131\u015fman \u00f6\u011fretmenimiz Selen Kara liderli\u011finde organizasyonda okulumuzu temsil etti. DISEC (Disarmament and International Security) ve UNHCR (UN Refugee Agency) komitesindeki delegelikleriyle okulumuzu ba\u015far\u0131yla temsil eden \u00f6\u011frencilerimize ve emek veren e\u011fitimcilerimize te\u015fekk\u00fcr ediyoruz.<\/p>\n","protected":false},"excerpt":{"rendered":"<p>MUN (Model United Nations) club students Ela Zeynep Ayd\u0131nefe and \u015eevval Berber school MUN club advisor Selen Kara attented the conference on TBMUN&#8217;22 &#8220;Lead the Future&#8221;<span class=\"excerpt-hellip\"> [\u2026]<\/span><\/p>\n","protected":false},"author":14,"featured_media":5740,"comment_status":"closed","ping_status":"closed","sticky":false,"template":"","format":"standard","meta":{"footnotes":""},"categories":[1],"tags":[21],"class_list":["post-5739","post","type-post","status-publish","format-standard","has-post-thumbnail","hentry","category-haberler-ve-duyurular","tag-modelunitednations"],"_links":{"self":[{"href":"https:\/\/www.teddenizli.k12.tr\/en\/wp-json\/wp\/v2\/posts\/5739","targetHints":{"allow":["GET"]}}],"collection":[{"href":"https:\/\/www.teddenizli.k12.tr\/en\/wp-json\/wp\/v2\/posts"}],"about":[{"href":"https:\/\/www.teddenizli.k12.tr\/en\/wp-json\/wp\/v2\/types\/post"}],"author":[{"embeddable":true,"href":"https:\/\/www.teddenizli.k12.tr\/en\/wp-json\/wp\/v2\/users\/14"}],"replies":[{"embeddable":true,"href":"https:\/\/www.teddenizli.k12.tr\/en\/wp-json\/wp\/v2\/comments?post=5739"}],"version-history":[{"count":0,"href":"https:\/\/www.teddenizli.k12.tr\/en\/wp-json\/wp\/v2\/posts\/5739\/revisions"}],"wp:featuredmedia":[{"embeddable":true,"href":"https:\/\/www.teddenizli.k12.tr\/en\/wp-json\/wp\/v2\/media\/5740"}],"wp:attachment":[{"href":"https:\/\/www.teddenizli.k12.tr\/en\/wp-json\/wp\/v2\/media?parent=5739"}],"wp:term":[{"taxonomy":"category","embeddable":true,"href":"https:\/\/www.teddenizli.k12.tr\/en\/wp-json\/wp\/v2\/categories?post=5739"},{"taxonomy":"post_tag","embeddable":true,"href":"https:\/\/www.teddenizli.k12.tr\/en\/wp-json\/wp\/v2\/tags?post=5739"}],"curies":[{"name":"wp","href":"https:\/\/api.w.org\/{rel}","templated":true}]}}