{"id":5731,"date":"2022-03-15T08:26:54","date_gmt":"2022-03-15T05:26:54","guid":{"rendered":"https:\/\/www.teddenizli.k12.tr\/?p=5731"},"modified":"2022-03-15T08:26:54","modified_gmt":"2022-03-15T05:26:54","slug":"yuzme-il-birinciliginde-3-altin-madalya","status":"publish","type":"post","link":"https:\/\/www.teddenizli.k12.tr\/en\/yuzme-il-birinciliginde-3-altin-madalya\/","title":{"rendered":"Y\u00dcZME \u0130L B\u0130R\u0130NC\u0130L\u0130\u011e\u0130NDE 3 ALTIN MADALYA"},"content":{"rendered":"<p>Basketbolda pe\u015fi s\u0131ra gelen g\u00fczel haberlerin ard\u0131ndan bir gurur haberi de y\u00fczmeden. Okul Sporlar\u0131 Denizli Y\u00fczme \u0130l Birincili\u011fi 10-11 Ya\u015f Erkekler &#8216;de TED Denizli Koleji \u00f6\u011frencileri bireyselde ve tak\u0131mda birincilik ald\u0131.<\/p>\n<p>Denizli B\u00fcy\u00fck\u015fehir Belediyesi Kay\u0131han Kapal\u0131 Y\u00fczme Havuzunda ba\u015flayan turnuvan\u0131n ilk g\u00fcn\u00fcnde kula\u00e7 atan \u00f6\u011frencimiz \u00d6mer Emir G\u00f6khan \u00f6nce 50 metre kelebek, ard\u0131ndan 100 metre s\u0131rtta Denizli 1.si oldu.<\/p>\n<p>TED Denizli Koleji Erkek Y\u00fczme Tak\u0131m\u0131m\u0131z ise 4&#215;100 metre kar\u0131\u015f\u0131k bayrak yar\u0131\u015f\u0131nda en iyi dereceyle birincilik k\u00fcrs\u00fcs\u00fcne \u00e7\u0131kan tak\u0131m oldu.<\/p>\n<p>3 g\u00fcn s\u00fcrecek il birincili\u011finin ilk g\u00fcn\u00fcne 3 alt\u0131n madalya ile damgas\u0131n\u0131 vuran \u00f6\u011frencilerimiz ve \u00e7al\u0131\u015ft\u0131r\u0131c\u0131 \u00f6\u011fretmenimizi tebrik ediyor, ba\u015far\u0131lar\u0131n\u0131n devam\u0131n\u0131 diliyoruz.<\/p>\n<p>Sizlerle gurur duyuyoruz \u00e7ocuklar!<\/p>\n","protected":false},"excerpt":{"rendered":"<p>Basketbolda pe\u015fi s\u0131ra gelen g\u00fczel haberlerin ard\u0131ndan bir gurur haberi de y\u00fczmeden. Okul Sporlar\u0131 Denizli Y\u00fczme \u0130l Birincili\u011fi 10-11 Ya\u015f Erkekler &#8216;de TED Denizli Koleji \u00f6\u011frencileri<span class=\"excerpt-hellip\"> [\u2026]<\/span><\/p>\n","protected":false},"author":14,"featured_media":5732,"comment_status":"closed","ping_status":"closed","sticky":false,"template":"","format":"standard","meta":{"footnotes":""},"categories":[1],"tags":[18,19],"class_list":["post-5731","post","type-post","status-publish","format-standard","has-post-thumbnail","hentry","category-haberler-ve-duyurular","tag-teddenizlikoleji","tag-yuzme"],"_links":{"self":[{"href":"https:\/\/www.teddenizli.k12.tr\/en\/wp-json\/wp\/v2\/posts\/5731","targetHints":{"allow":["GET"]}}],"collection":[{"href":"https:\/\/www.teddenizli.k12.tr\/en\/wp-json\/wp\/v2\/posts"}],"about":[{"href":"https:\/\/www.teddenizli.k12.tr\/en\/wp-json\/wp\/v2\/types\/post"}],"author":[{"embeddable":true,"href":"https:\/\/www.teddenizli.k12.tr\/en\/wp-json\/wp\/v2\/users\/14"}],"replies":[{"embeddable":true,"href":"https:\/\/www.teddenizli.k12.tr\/en\/wp-json\/wp\/v2\/comments?post=5731"}],"version-history":[{"count":0,"href":"https:\/\/www.teddenizli.k12.tr\/en\/wp-json\/wp\/v2\/posts\/5731\/revisions"}],"wp:featuredmedia":[{"embeddable":true,"href":"https:\/\/www.teddenizli.k12.tr\/en\/wp-json\/wp\/v2\/media\/5732"}],"wp:attachment":[{"href":"https:\/\/www.teddenizli.k12.tr\/en\/wp-json\/wp\/v2\/media?parent=5731"}],"wp:term":[{"taxonomy":"category","embeddable":true,"href":"https:\/\/www.teddenizli.k12.tr\/en\/wp-json\/wp\/v2\/categories?post=5731"},{"taxonomy":"post_tag","embeddable":true,"href":"https:\/\/www.teddenizli.k12.tr\/en\/wp-json\/wp\/v2\/tags?post=5731"}],"curies":[{"name":"wp","href":"https:\/\/api.w.org\/{rel}","templated":true}]}}