{"id":5727,"date":"2022-03-14T17:04:28","date_gmt":"2022-03-14T14:04:28","guid":{"rendered":"https:\/\/www.teddenizli.k12.tr\/?p=5727"},"modified":"2022-03-14T17:04:49","modified_gmt":"2022-03-14T14:04:49","slug":"ted-denizli-koleji-kucuk-erkekler-basketbol-takimimiz-denizli-sampiyonu","status":"publish","type":"post","link":"https:\/\/www.teddenizli.k12.tr\/en\/ted-denizli-koleji-kucuk-erkekler-basketbol-takimimiz-denizli-sampiyonu\/","title":{"rendered":"DEN\u0130ZL\u0130 \u015eAMP\u0130YONUYUZ"},"content":{"rendered":"<p>Okul Sporlar\u0131 K\u00fc\u00e7\u00fck Erkekler Basketbol Ligi&#8217;nde grubundan nama\u011flup \u00e7\u0131karak Final Four&#8217;a kalan Kolejliler, 3&#8217;te 3 yaparak, kupaya uzand\u0131.<\/p>\n<p>Final Four&#8217;un son ma\u00e7\u0131nda ODT\u00dc GVO ile kar\u015f\u0131la\u015fan TED Denizli K\u00fc\u00e7\u00fck Erkekler Basketbol Tak\u0131m\u0131, farkl\u0131 galibiyet serisini bozmad\u0131. Ma\u00e7tan 90-17 galip ayr\u0131lmas\u0131n\u0131 bildi. \u00d6nemli ma\u00e7ta tak\u0131m\u0131m\u0131z\u0131 8. s\u0131n\u0131f \u00f6\u011frencileri de yaln\u0131z b\u0131rakmad\u0131.<\/p>\n<p>ODT\u00dc GVO galibiyetiyle ligin nama\u011flup \u015fampiyonu olan tak\u0131m\u0131m\u0131z, kar\u015f\u0131la\u015fma sonras\u0131 d\u00fczenlenen kupa t\u00f6reninde de co\u015fkulu tezah\u00fcrat ve sevin\u00e7 g\u00f6sterileri aras\u0131nda kupay\u0131 kald\u0131rd\u0131.<\/p>\n<p>Kolejliler, b\u00f6lge elemelerinde kentimizi temsil edecek.<\/p>\n<p>\u00c7ok iyi bir m\u00fccadele verip puan kaybetmeksizin Denizli \u015eampiyonu olan tak\u0131m\u0131m\u0131za ve \u00f6\u011fretmenlerimize sonsuz te\u015fekk\u00fcrlerimizi sunuyoruz. \u0130yi ki vars\u0131n\u0131z \u00e7ocuklar. Sizlerle gurur duyuyoruz.<\/p>\n<p style=\"text-align: center;\"><iframe loading=\"lazy\" title=\"YouTube video player\" src=\"https:\/\/www.youtube.com\/embed\/FOZEj7ndWXA\" width=\"727\" height=\"409\" frameborder=\"0\" allowfullscreen=\"allowfullscreen\"><\/iframe><\/p>\n","protected":false},"excerpt":{"rendered":"<p>Okul Sporlar\u0131 K\u00fc\u00e7\u00fck Erkekler Basketbol Ligi&#8217;nde grubundan nama\u011flup \u00e7\u0131karak Final Four&#8217;a kalan Kolejliler, 3&#8217;te 3 yaparak, kupaya uzand\u0131. Final Four&#8217;un son ma\u00e7\u0131nda ODT\u00dc GVO ile kar\u015f\u0131la\u015fan<span class=\"excerpt-hellip\"> [\u2026]<\/span><\/p>\n","protected":false},"author":14,"featured_media":5728,"comment_status":"closed","ping_status":"closed","sticky":false,"template":"","format":"standard","meta":{"footnotes":""},"categories":[1],"tags":[],"class_list":["post-5727","post","type-post","status-publish","format-standard","has-post-thumbnail","hentry","category-haberler-ve-duyurular"],"_links":{"self":[{"href":"https:\/\/www.teddenizli.k12.tr\/en\/wp-json\/wp\/v2\/posts\/5727","targetHints":{"allow":["GET"]}}],"collection":[{"href":"https:\/\/www.teddenizli.k12.tr\/en\/wp-json\/wp\/v2\/posts"}],"about":[{"href":"https:\/\/www.teddenizli.k12.tr\/en\/wp-json\/wp\/v2\/types\/post"}],"author":[{"embeddable":true,"href":"https:\/\/www.teddenizli.k12.tr\/en\/wp-json\/wp\/v2\/users\/14"}],"replies":[{"embeddable":true,"href":"https:\/\/www.teddenizli.k12.tr\/en\/wp-json\/wp\/v2\/comments?post=5727"}],"version-history":[{"count":0,"href":"https:\/\/www.teddenizli.k12.tr\/en\/wp-json\/wp\/v2\/posts\/5727\/revisions"}],"wp:featuredmedia":[{"embeddable":true,"href":"https:\/\/www.teddenizli.k12.tr\/en\/wp-json\/wp\/v2\/media\/5728"}],"wp:attachment":[{"href":"https:\/\/www.teddenizli.k12.tr\/en\/wp-json\/wp\/v2\/media?parent=5727"}],"wp:term":[{"taxonomy":"category","embeddable":true,"href":"https:\/\/www.teddenizli.k12.tr\/en\/wp-json\/wp\/v2\/categories?post=5727"},{"taxonomy":"post_tag","embeddable":true,"href":"https:\/\/www.teddenizli.k12.tr\/en\/wp-json\/wp\/v2\/tags?post=5727"}],"curies":[{"name":"wp","href":"https:\/\/api.w.org\/{rel}","templated":true}]}}