{"id":5720,"date":"2022-03-14T15:10:47","date_gmt":"2022-03-14T12:10:47","guid":{"rendered":"https:\/\/www.teddenizli.k12.tr\/?p=5720"},"modified":"2022-03-14T15:10:47","modified_gmt":"2022-03-14T12:10:47","slug":"taleste-hedef-yuzde-3e-girmek","status":"publish","type":"post","link":"https:\/\/www.teddenizli.k12.tr\/en\/taleste-hedef-yuzde-3e-girmek\/","title":{"rendered":"TALES&#8217;TE HEDEF Y\u00dcZDE 3&#8217;E G\u0130RMEK"},"content":{"rendered":"<p>TED Denizli Koleji Ortaokul \u00f6\u011frencileri hafta sonu TALES Matematik Yar\u0131\u015fmas\u0131&#8217;nda ter d\u00f6kt\u00fc. \u00c7oktan se\u00e7meli ve a\u00e7\u0131k u\u00e7lu toplam 25 sorudan olu\u015fan 60 dakikal\u0131k s\u0131navda hedef, y\u00fczde 3&#8217;l\u00fck ba\u015far\u0131 dilimine girebilmek. Keza bu ba\u015far\u0131y\u0131 elde eden \u00f6\u011frenciler, T\u00fcrkiye Finalleri&#8217;nde yar\u0131\u015fmaya hak kazan\u0131yor.<\/p>\n<p>5, 6, 7 veya 8 yani hangi s\u0131n\u0131fta olursa olsun matematik beceresine g\u00fcvenen ortaokul kademesindeki isteyen her \u00f6\u011frencinin kat\u0131labildi\u011fi TALES Matematik Yar\u0131\u015fmas\u0131, bu y\u0131l 7. kez ger\u00e7ekle\u015ftiriliyor.<\/p>\n<p>TALES Bilim Yay\u0131nlar\u0131 taraf\u0131ndan d\u00fczenlenen TALES Matematik Yar\u0131\u015fmas\u0131&#8217;na \u00fclkenin d\u00f6rt bir an\u0131ndan her y\u0131l binin \u00fczerinde \u00f6\u011frenci kat\u0131l\u0131yor.<\/p>\n","protected":false},"excerpt":{"rendered":"<p>TED Denizli Koleji Ortaokul \u00f6\u011frencileri hafta sonu TALES Matematik Yar\u0131\u015fmas\u0131&#8217;nda ter d\u00f6kt\u00fc. \u00c7oktan se\u00e7meli ve a\u00e7\u0131k u\u00e7lu toplam 25 sorudan olu\u015fan 60 dakikal\u0131k s\u0131navda hedef, y\u00fczde<span class=\"excerpt-hellip\"> [\u2026]<\/span><\/p>\n","protected":false},"author":14,"featured_media":5721,"comment_status":"closed","ping_status":"closed","sticky":false,"template":"","format":"standard","meta":{"footnotes":""},"categories":[1],"tags":[16],"class_list":["post-5720","post","type-post","status-publish","format-standard","has-post-thumbnail","hentry","category-haberler-ve-duyurular","tag-talesmatematikyarismasi"],"_links":{"self":[{"href":"https:\/\/www.teddenizli.k12.tr\/en\/wp-json\/wp\/v2\/posts\/5720","targetHints":{"allow":["GET"]}}],"collection":[{"href":"https:\/\/www.teddenizli.k12.tr\/en\/wp-json\/wp\/v2\/posts"}],"about":[{"href":"https:\/\/www.teddenizli.k12.tr\/en\/wp-json\/wp\/v2\/types\/post"}],"author":[{"embeddable":true,"href":"https:\/\/www.teddenizli.k12.tr\/en\/wp-json\/wp\/v2\/users\/14"}],"replies":[{"embeddable":true,"href":"https:\/\/www.teddenizli.k12.tr\/en\/wp-json\/wp\/v2\/comments?post=5720"}],"version-history":[{"count":0,"href":"https:\/\/www.teddenizli.k12.tr\/en\/wp-json\/wp\/v2\/posts\/5720\/revisions"}],"wp:featuredmedia":[{"embeddable":true,"href":"https:\/\/www.teddenizli.k12.tr\/en\/wp-json\/wp\/v2\/media\/5721"}],"wp:attachment":[{"href":"https:\/\/www.teddenizli.k12.tr\/en\/wp-json\/wp\/v2\/media?parent=5720"}],"wp:term":[{"taxonomy":"category","embeddable":true,"href":"https:\/\/www.teddenizli.k12.tr\/en\/wp-json\/wp\/v2\/categories?post=5720"},{"taxonomy":"post_tag","embeddable":true,"href":"https:\/\/www.teddenizli.k12.tr\/en\/wp-json\/wp\/v2\/tags?post=5720"}],"curies":[{"name":"wp","href":"https:\/\/api.w.org\/{rel}","templated":true}]}}