{"id":5713,"date":"2022-03-12T22:33:20","date_gmt":"2022-03-12T19:33:20","guid":{"rendered":"https:\/\/www.teddenizli.k12.tr\/?p=5713"},"modified":"2022-03-13T12:03:50","modified_gmt":"2022-03-13T09:03:50","slug":"dersimiz-matematik-etkinligi-icin-davet","status":"publish","type":"post","link":"https:\/\/www.teddenizli.k12.tr\/en\/dersimiz-matematik-etkinligi-icin-davet\/","title":{"rendered":"&#8220;DERS\u0130M\u0130Z MATEMAT\u0130K&#8221; ETK\u0130NL\u0130\u011e\u0130 \u0130\u00c7\u0130N DAVET"},"content":{"rendered":"<p>TED Denizli Koleji Mesleki Geli\u015fim Biriminin haz\u0131rlam\u0131\u015f oldu\u011fu &#8220;DERS\u0130M\u0130Z MATEMAT\u0130K&#8221; seminerinde ilkokul \u00f6\u011fretmenlerimiz i\u00e7in &#8220;Matematik E\u011fitiminde Yenilik\u00e7i Yakla\u015f\u0131mlar&#8221;, ortaokul ve lise \u00f6\u011fretmenlerimiz i\u00e7inse &#8220;Matematik E\u011fitiminde Sorgulaman\u0131n \u00d6nemi&#8221; adl\u0131 oturumlar ger\u00e7ekle\u015ftirilecektir.<\/p>\n<p><strong>Seminerde;<\/strong><br \/>\n-matematiksel d\u00fc\u015f\u00fcnme becerilerinin \u00f6nemine,<br \/>\n-matematiksel d\u00fc\u015f\u00fcnme becerilerini g\u00fc\u00e7lendiren e\u011fitimsel i\u00e7eriklere,<br \/>\n-soru sorman\u0131n \u00f6nemine,<br \/>\n-yeni nesil sorulara,<br \/>\n-disiplinler aras\u0131 uygulamalar\u0131n matematik \u00f6\u011fretim program\u0131ndaki kazan\u0131mlar\u0131 ger\u00e7ekle\u015ftirme a\u00e7\u0131s\u0131ndan yerine ve \u00f6nemine de\u011finilecektir.<\/p>\n<p><strong>PROGRAMIMIZ: <span style=\"color: #ff0000;\">(E\u011e\u0130T\u0130MLER\u0130M\u0130Z Y\u00dcZ Y\u00dcZED\u0130R!)<\/span><\/strong><\/p>\n<p><strong>&#8211; \u0130LKOKUL SINIF \u00d6\u011eRETMENLER\u0130 \u0130\u00c7\u0130N<\/strong><br \/>\n19 Mart 2022 Cumartesi g\u00fcn\u00fc<br \/>\n13.30-17.30 saatleri aras\u0131nda<br \/>\nTED Denizli Kolejinde olacakt\u0131r.<br \/>\n(Kontenjan s\u0131n\u0131r\u0131 30 ki\u015fidir)<\/p>\n<p><strong>-ORTAOKUL MATEMAT\u0130K \u00d6\u011eRETMENLER\u0130 \u0130\u00c7\u0130N<\/strong><br \/>\n20 Mart 2022 Pazar g\u00fcn\u00fc<br \/>\n10.00-13.00 saatleri aras\u0131nda<br \/>\nTED Denizli Kolejinde olacakt\u0131r.<br \/>\n(Kontenjan s\u0131n\u0131r\u0131 25 ki\u015fidir)<\/p>\n<p><strong>-L\u0130SE MATEMAT\u0130K \u00d6\u011eRETMENLER\u0130 \u0130\u00c7\u0130N<\/strong><br \/>\n20 Mart 2022 Pazar g\u00fcn\u00fc<br \/>\n14.00-17.00 saatleri aras\u0131nda<br \/>\nTED Denizli Kolejinde olacakt\u0131r.<br \/>\n(Kontenjan s\u0131n\u0131r\u0131 25 ki\u015fidir)<\/p>\n<p><strong>BA\u015eVURU L\u0130NKLER\u0130<\/strong><\/p>\n<p><span style=\"color: #3366ff;\"><a style=\"color: #3366ff;\" href=\"https:\/\/docs.google.com\/forms\/d\/e\/1FAIpQLSfZoXXPN6cwgUNrDeUF9_deFjJpe4zmgQ0mFiWuEfrwL8fDFg\/viewform\"><strong>\u0130lkokul \u00f6\u011fretmenleri i\u00e7in:<\/strong><\/a><\/span><br \/>\n<span style=\"color: #3366ff;\"><a style=\"color: #3366ff;\" href=\"https:\/\/docs.google.com\/forms\/d\/e\/1FAIpQLScA_huM23NL0BQatq9xyGJkgjmmB142KFghpxLj2BL0pqNVlg\/viewform\"><strong>Ortaokul ve lise \u00f6\u011fretmenleri i\u00e7in:<\/strong><\/a><\/span><\/p>\n","protected":false},"excerpt":{"rendered":"<p>TED Denizli Koleji Mesleki Geli\u015fim Biriminin haz\u0131rlam\u0131\u015f oldu\u011fu &#8220;DERS\u0130M\u0130Z MATEMAT\u0130K&#8221; seminerinde ilkokul \u00f6\u011fretmenlerimiz i\u00e7in &#8220;Matematik E\u011fitiminde Yenilik\u00e7i Yakla\u015f\u0131mlar&#8221;, ortaokul ve lise \u00f6\u011fretmenlerimiz i\u00e7inse &#8220;Matematik E\u011fitiminde Sorgulaman\u0131n<span class=\"excerpt-hellip\"> [\u2026]<\/span><\/p>\n","protected":false},"author":14,"featured_media":5701,"comment_status":"closed","ping_status":"closed","sticky":false,"template":"","format":"standard","meta":{"footnotes":""},"categories":[1],"tags":[],"class_list":["post-5713","post","type-post","status-publish","format-standard","has-post-thumbnail","hentry","category-haberler-ve-duyurular"],"_links":{"self":[{"href":"https:\/\/www.teddenizli.k12.tr\/en\/wp-json\/wp\/v2\/posts\/5713","targetHints":{"allow":["GET"]}}],"collection":[{"href":"https:\/\/www.teddenizli.k12.tr\/en\/wp-json\/wp\/v2\/posts"}],"about":[{"href":"https:\/\/www.teddenizli.k12.tr\/en\/wp-json\/wp\/v2\/types\/post"}],"author":[{"embeddable":true,"href":"https:\/\/www.teddenizli.k12.tr\/en\/wp-json\/wp\/v2\/users\/14"}],"replies":[{"embeddable":true,"href":"https:\/\/www.teddenizli.k12.tr\/en\/wp-json\/wp\/v2\/comments?post=5713"}],"version-history":[{"count":0,"href":"https:\/\/www.teddenizli.k12.tr\/en\/wp-json\/wp\/v2\/posts\/5713\/revisions"}],"wp:featuredmedia":[{"embeddable":true,"href":"https:\/\/www.teddenizli.k12.tr\/en\/wp-json\/wp\/v2\/media\/5701"}],"wp:attachment":[{"href":"https:\/\/www.teddenizli.k12.tr\/en\/wp-json\/wp\/v2\/media?parent=5713"}],"wp:term":[{"taxonomy":"category","embeddable":true,"href":"https:\/\/www.teddenizli.k12.tr\/en\/wp-json\/wp\/v2\/categories?post=5713"},{"taxonomy":"post_tag","embeddable":true,"href":"https:\/\/www.teddenizli.k12.tr\/en\/wp-json\/wp\/v2\/tags?post=5713"}],"curies":[{"name":"wp","href":"https:\/\/api.w.org\/{rel}","templated":true}]}}