{"id":5697,"date":"2022-03-12T16:22:19","date_gmt":"2022-03-12T13:22:19","guid":{"rendered":"https:\/\/www.teddenizli.k12.tr\/?p=5697"},"modified":"2022-03-12T16:22:19","modified_gmt":"2022-03-12T13:22:19","slug":"kolejliler-izmirde-moral-depoladi","status":"publish","type":"post","link":"https:\/\/www.teddenizli.k12.tr\/en\/kolejliler-izmirde-moral-depoladi\/","title":{"rendered":"KOLEJL\u0130LER \u0130ZM\u0130R&#8217;DE MORAL DEPOLADI"},"content":{"rendered":"<p>Denizli Okul Sporlar\u0131 K\u00fc\u00e7\u00fck Erkekler Basketbol Ligi&#8217;nin yenilmez tak\u0131m\u0131 TED Denizli Koleji, pazartesi oynayaca\u011f\u0131 Final Four serisinin son ma\u00e7\u0131 \u00f6ncesi \u0130zmir&#8217;de moral depolad\u0131<\/p>\n<p>Kolejliler, Denizli Okul Sporlar\u0131 K\u00fc\u00e7\u00fck Erkekler Basketbol Ligi\u2019nde gruptan yenilgisiz olarak y\u00fckseldi\u011fi Final Four ma\u00e7lar\u0131nda da ba\u015far\u0131l\u0131 bir grafik ortaya koydu. Final Four&#8217;da yapt\u0131\u011f\u0131 iki ma\u00e7\u0131 da galibiyetle tamamlayan kolejliler, pazartesi g\u00fcn\u00fc serinin son ma\u00e7\u0131 i\u00e7in parkeye \u00e7\u0131kacak.<\/p>\n<p>ODT\u00dc GVO ile kar\u015f\u0131 kar\u015f\u0131ya gelecek olan kolejliler, \u00f6nemli ma\u00e7 \u00f6ncesi \u0130zmir&#8217;de moral depolad\u0131. \u00c7i\u011fli Sel\u00e7uk Ya\u015far Tesisleri&#8217;nde P\u0131nar Kar\u015f\u0131yaka Basketbol tak\u0131m\u0131 ile bir haz\u0131rl\u0131k ma\u00e7\u0131 da yapan k\u00fc\u00e7\u00fck erkekler, bu ma\u00e7ta sergiledi\u011fi performanslar\u0131yla da tam not ald\u0131.<\/p>\n","protected":false},"excerpt":{"rendered":"<p>Denizli Okul Sporlar\u0131 K\u00fc\u00e7\u00fck Erkekler Basketbol Ligi&#8217;nin yenilmez tak\u0131m\u0131 TED Denizli Koleji, pazartesi oynayaca\u011f\u0131 Final Four serisinin son ma\u00e7\u0131 \u00f6ncesi \u0130zmir&#8217;de moral depolad\u0131 Kolejliler, Denizli Okul<span class=\"excerpt-hellip\"> [\u2026]<\/span><\/p>\n","protected":false},"author":14,"featured_media":5698,"comment_status":"closed","ping_status":"closed","sticky":false,"template":"","format":"standard","meta":{"footnotes":""},"categories":[1],"tags":[],"class_list":["post-5697","post","type-post","status-publish","format-standard","has-post-thumbnail","hentry","category-haberler-ve-duyurular"],"_links":{"self":[{"href":"https:\/\/www.teddenizli.k12.tr\/en\/wp-json\/wp\/v2\/posts\/5697","targetHints":{"allow":["GET"]}}],"collection":[{"href":"https:\/\/www.teddenizli.k12.tr\/en\/wp-json\/wp\/v2\/posts"}],"about":[{"href":"https:\/\/www.teddenizli.k12.tr\/en\/wp-json\/wp\/v2\/types\/post"}],"author":[{"embeddable":true,"href":"https:\/\/www.teddenizli.k12.tr\/en\/wp-json\/wp\/v2\/users\/14"}],"replies":[{"embeddable":true,"href":"https:\/\/www.teddenizli.k12.tr\/en\/wp-json\/wp\/v2\/comments?post=5697"}],"version-history":[{"count":0,"href":"https:\/\/www.teddenizli.k12.tr\/en\/wp-json\/wp\/v2\/posts\/5697\/revisions"}],"wp:featuredmedia":[{"embeddable":true,"href":"https:\/\/www.teddenizli.k12.tr\/en\/wp-json\/wp\/v2\/media\/5698"}],"wp:attachment":[{"href":"https:\/\/www.teddenizli.k12.tr\/en\/wp-json\/wp\/v2\/media?parent=5697"}],"wp:term":[{"taxonomy":"category","embeddable":true,"href":"https:\/\/www.teddenizli.k12.tr\/en\/wp-json\/wp\/v2\/categories?post=5697"},{"taxonomy":"post_tag","embeddable":true,"href":"https:\/\/www.teddenizli.k12.tr\/en\/wp-json\/wp\/v2\/tags?post=5697"}],"curies":[{"name":"wp","href":"https:\/\/api.w.org\/{rel}","templated":true}]}}