{"id":5688,"date":"2022-03-11T13:24:59","date_gmt":"2022-03-11T10:24:59","guid":{"rendered":"https:\/\/www.teddenizli.k12.tr\/?p=5688"},"modified":"2022-03-11T15:53:04","modified_gmt":"2022-03-11T12:53:04","slug":"16-bine-yakin-ogrenci-arasinda-yari-finale-kaldilar","status":"publish","type":"post","link":"https:\/\/www.teddenizli.k12.tr\/en\/16-bine-yakin-ogrenci-arasinda-yari-finale-kaldilar\/","title":{"rendered":"16 B\u0130NE YAKIN \u00d6\u011eRENC\u0130 ARASINDA YARI F\u0130NALE KALDILAR!"},"content":{"rendered":"<p>4. S\u0131n\u0131f \u00f6\u011frencilerimizden Halil Demir \u00d6zden, Furkan Sezgin ve Mustafa Kemal Karc\u0131 T\u00fcrkiye \u00e7ap\u0131nda derece yapt\u0131.<\/p>\n<p>\u00dclkenin en b\u00fcy\u00fck online robotik turnuvas\u0131 olarak g\u00f6sterilen ROOT 2022 Robotik Kodlama Turnuvas\u0131 ba\u015flad\u0131. Turnuvada TED Denizli Koleji&#8217;ni temsil eden 3 \u00f6\u011frencimiz, 15 bin 688 \u00f6\u011frenci aras\u0131ndan yar\u0131 finale kalmaya hak kazand\u0131. Her \u00f6\u011frencinin bireysel olarak yar\u0131\u015ft\u0131\u011f\u0131 yar\u0131\u015fmada 4. S\u0131n\u0131f \u00f6\u011frencilerimiz Halil Demir \u00d6zden, Furkan Sezgin ve Mustafa Kemal Karc\u0131 yar\u0131 finale kalarak gurur kayna\u011f\u0131m\u0131z oldu.<\/p>\n<p>\u00d6nemli yar\u0131\u015fmada bizi gururland\u0131ran Halil Demir, Furkan ve Mustafa Kemal ile bu ba\u015far\u0131da pay\u0131 olan \u00f6\u011fretmenlerimizi tebrik ediyor, ba\u015far\u0131lar\u0131n\u0131n devam\u0131n\u0131 diliyoruz.<\/p>\n","protected":false},"excerpt":{"rendered":"<p>4. S\u0131n\u0131f \u00f6\u011frencilerimizden Halil Demir \u00d6zden, Furkan Sezgin ve Mustafa Kemal Karc\u0131 T\u00fcrkiye \u00e7ap\u0131nda derece yapt\u0131. \u00dclkenin en b\u00fcy\u00fck online robotik turnuvas\u0131 olarak g\u00f6sterilen ROOT 2022<span class=\"excerpt-hellip\"> [\u2026]<\/span><\/p>\n","protected":false},"author":14,"featured_media":5689,"comment_status":"closed","ping_status":"closed","sticky":false,"template":"","format":"standard","meta":{"footnotes":""},"categories":[1],"tags":[15],"class_list":["post-5688","post","type-post","status-publish","format-standard","has-post-thumbnail","hentry","category-haberler-ve-duyurular","tag-root2022"],"_links":{"self":[{"href":"https:\/\/www.teddenizli.k12.tr\/en\/wp-json\/wp\/v2\/posts\/5688","targetHints":{"allow":["GET"]}}],"collection":[{"href":"https:\/\/www.teddenizli.k12.tr\/en\/wp-json\/wp\/v2\/posts"}],"about":[{"href":"https:\/\/www.teddenizli.k12.tr\/en\/wp-json\/wp\/v2\/types\/post"}],"author":[{"embeddable":true,"href":"https:\/\/www.teddenizli.k12.tr\/en\/wp-json\/wp\/v2\/users\/14"}],"replies":[{"embeddable":true,"href":"https:\/\/www.teddenizli.k12.tr\/en\/wp-json\/wp\/v2\/comments?post=5688"}],"version-history":[{"count":0,"href":"https:\/\/www.teddenizli.k12.tr\/en\/wp-json\/wp\/v2\/posts\/5688\/revisions"}],"wp:featuredmedia":[{"embeddable":true,"href":"https:\/\/www.teddenizli.k12.tr\/en\/wp-json\/wp\/v2\/media\/5689"}],"wp:attachment":[{"href":"https:\/\/www.teddenizli.k12.tr\/en\/wp-json\/wp\/v2\/media?parent=5688"}],"wp:term":[{"taxonomy":"category","embeddable":true,"href":"https:\/\/www.teddenizli.k12.tr\/en\/wp-json\/wp\/v2\/categories?post=5688"},{"taxonomy":"post_tag","embeddable":true,"href":"https:\/\/www.teddenizli.k12.tr\/en\/wp-json\/wp\/v2\/tags?post=5688"}],"curies":[{"name":"wp","href":"https:\/\/api.w.org\/{rel}","templated":true}]}}