{"id":5683,"date":"2022-03-10T19:35:06","date_gmt":"2022-03-10T16:35:06","guid":{"rendered":"https:\/\/www.teddenizli.k12.tr\/?p=5683"},"modified":"2022-03-11T11:24:16","modified_gmt":"2022-03-11T08:24:16","slug":"u12-final-fourda-2de-2-yapti","status":"publish","type":"post","link":"https:\/\/www.teddenizli.k12.tr\/en\/u12-final-fourda-2de-2-yapti\/","title":{"rendered":"U12 F\u0130NAL FOUR&#8217;DA 2&#8217;DE 2 YAPTI"},"content":{"rendered":"<p>Okul Sporlar\u0131 K\u00fc\u00e7\u00fck Erkekler Basketbol Ligi\u2019nde Final Four oynayan TED Denizli U12 tak\u0131m\u0131, ikinci ma\u00e7\u0131ndan da galip ayr\u0131ld\u0131.<\/p>\n<p>Bah\u00e7e\u015fehir Koleji ile Gen\u00e7lik ve Spor \u0130l M\u00fcd\u00fcrl\u00fc\u011f\u00fc Spor Salonu\u2019nda kar\u015f\u0131la\u015fan Kolejliler, rakibini net skorla ge\u00e7ti. Ma\u00e7 boyunca \u00fcst\u00fcn oynayan \u015fampiyon aday\u0131 tak\u0131m\u0131m\u0131z, rakibini 60-11&#8217;lik skorla yenerek, final ma\u00e7\u0131 \u00f6ncesi b\u00fcy\u00fck moral buldu.<\/p>\n<p>Kolejliler, Final Four&#8217;un son ma\u00e7\u0131n\u0131 14 Mart Pazartesi G\u00fcn\u00fc Saat 10.00&#8217;da ODT\u00dc GVO ile Vali Recep Yaz\u0131c\u0131o\u011flu Salonunda yapacak. Kar\u015f\u0131la\u015fmadan galibiyetle ayr\u0131larak kupay\u0131 kald\u0131rmak isteyen TED Denizli, \u015fimdiden \u015fampiyonluk kupas\u0131n\u0131n bir sap\u0131ndan tuttu bile.<\/p>\n<p>Grup ma\u00e7lar\u0131n\u0131n ard\u0131ndan Final Four&#8217;da da yenilmezlik serisini s\u00fcrd\u00fcren U12&#8217;ye ve teknik heyete gururland\u0131ran performanslar\u0131 i\u00e7in bir kez daha te\u015fekk\u00fcr ediyoruz.<\/p>\n","protected":false},"excerpt":{"rendered":"<p>Okul Sporlar\u0131 K\u00fc\u00e7\u00fck Erkekler Basketbol Ligi\u2019nde Final Four oynayan TED Denizli U12 tak\u0131m\u0131, ikinci ma\u00e7\u0131ndan da galip ayr\u0131ld\u0131. Bah\u00e7e\u015fehir Koleji ile Gen\u00e7lik ve Spor \u0130l M\u00fcd\u00fcrl\u00fc\u011f\u00fc<span class=\"excerpt-hellip\"> [\u2026]<\/span><\/p>\n","protected":false},"author":14,"featured_media":5686,"comment_status":"closed","ping_status":"closed","sticky":false,"template":"","format":"standard","meta":{"footnotes":""},"categories":[1],"tags":[],"class_list":["post-5683","post","type-post","status-publish","format-standard","has-post-thumbnail","hentry","category-haberler-ve-duyurular"],"_links":{"self":[{"href":"https:\/\/www.teddenizli.k12.tr\/en\/wp-json\/wp\/v2\/posts\/5683","targetHints":{"allow":["GET"]}}],"collection":[{"href":"https:\/\/www.teddenizli.k12.tr\/en\/wp-json\/wp\/v2\/posts"}],"about":[{"href":"https:\/\/www.teddenizli.k12.tr\/en\/wp-json\/wp\/v2\/types\/post"}],"author":[{"embeddable":true,"href":"https:\/\/www.teddenizli.k12.tr\/en\/wp-json\/wp\/v2\/users\/14"}],"replies":[{"embeddable":true,"href":"https:\/\/www.teddenizli.k12.tr\/en\/wp-json\/wp\/v2\/comments?post=5683"}],"version-history":[{"count":0,"href":"https:\/\/www.teddenizli.k12.tr\/en\/wp-json\/wp\/v2\/posts\/5683\/revisions"}],"wp:featuredmedia":[{"embeddable":true,"href":"https:\/\/www.teddenizli.k12.tr\/en\/wp-json\/wp\/v2\/media\/5686"}],"wp:attachment":[{"href":"https:\/\/www.teddenizli.k12.tr\/en\/wp-json\/wp\/v2\/media?parent=5683"}],"wp:term":[{"taxonomy":"category","embeddable":true,"href":"https:\/\/www.teddenizli.k12.tr\/en\/wp-json\/wp\/v2\/categories?post=5683"},{"taxonomy":"post_tag","embeddable":true,"href":"https:\/\/www.teddenizli.k12.tr\/en\/wp-json\/wp\/v2\/tags?post=5683"}],"curies":[{"name":"wp","href":"https:\/\/api.w.org\/{rel}","templated":true}]}}