{"id":5671,"date":"2022-03-10T12:16:19","date_gmt":"2022-03-10T09:16:19","guid":{"rendered":"https:\/\/www.teddenizli.k12.tr\/?p=5671"},"modified":"2022-03-10T12:16:19","modified_gmt":"2022-03-10T09:16:19","slug":"u11-galibiyetle-basladi","status":"publish","type":"post","link":"https:\/\/www.teddenizli.k12.tr\/en\/u11-galibiyetle-basladi\/","title":{"rendered":"U11 GAL\u0130B\u0130YETLE BA\u015eLADI"},"content":{"rendered":"<p>TED Denizli S.K. U11 tak\u0131m\u0131, T\u00fcrkiye Basketbol Federasyonu Denizli U11 Erkekler Ligi\u2019ne galibiyetle ba\u015flad\u0131.<\/p>\n<p>Ligdeki ilk ma\u00e7\u0131na \u00e7\u0131kan Kolejliler, Bah\u00e7e\u015fehir Koleji ile oynad\u0131\u011f\u0131 kar\u015f\u0131la\u015fmadan farkl\u0131 galibiyetle ayr\u0131ld\u0131. U11 Tak\u0131m\u0131m\u0131z, parkeden 60-20 gibi net bir skorla galip ayr\u0131ld\u0131. \u0130lk kar\u015f\u0131la\u015fmada 2 puan\u0131 hanesine yazd\u0131ran U11 Tak\u0131m\u0131n\u0131n Antren\u00f6r\u00fc An\u0131l \u00c7etkin, al\u0131nan galibiyetin hem kendisi hem de tak\u0131m\u0131 i\u00e7in g\u00fczel bir ba\u015flang\u0131\u00e7 oldu\u011funu belirtti.<\/p>\n<p>TBF Denizli U11 Erkekler Ligi&#8217;ndeki ba\u015far\u0131l\u0131 ekibimizi ba\u015far\u0131lar\u0131ndan dolay\u0131 tebrik ediyor, t\u00fcm oyuncular\u0131m\u0131z ve teknik heyetimizi kutluyoruz.<\/p>\n","protected":false},"excerpt":{"rendered":"<p>TED Denizli S.K. U11 tak\u0131m\u0131, T\u00fcrkiye Basketbol Federasyonu Denizli U11 Erkekler Ligi\u2019ne galibiyetle ba\u015flad\u0131. Ligdeki ilk ma\u00e7\u0131na \u00e7\u0131kan Kolejliler, Bah\u00e7e\u015fehir Koleji ile oynad\u0131\u011f\u0131 kar\u015f\u0131la\u015fmadan farkl\u0131 galibiyetle<span class=\"excerpt-hellip\"> [\u2026]<\/span><\/p>\n","protected":false},"author":14,"featured_media":5672,"comment_status":"closed","ping_status":"closed","sticky":false,"template":"","format":"standard","meta":{"footnotes":""},"categories":[1],"tags":[],"class_list":["post-5671","post","type-post","status-publish","format-standard","has-post-thumbnail","hentry","category-haberler-ve-duyurular"],"_links":{"self":[{"href":"https:\/\/www.teddenizli.k12.tr\/en\/wp-json\/wp\/v2\/posts\/5671","targetHints":{"allow":["GET"]}}],"collection":[{"href":"https:\/\/www.teddenizli.k12.tr\/en\/wp-json\/wp\/v2\/posts"}],"about":[{"href":"https:\/\/www.teddenizli.k12.tr\/en\/wp-json\/wp\/v2\/types\/post"}],"author":[{"embeddable":true,"href":"https:\/\/www.teddenizli.k12.tr\/en\/wp-json\/wp\/v2\/users\/14"}],"replies":[{"embeddable":true,"href":"https:\/\/www.teddenizli.k12.tr\/en\/wp-json\/wp\/v2\/comments?post=5671"}],"version-history":[{"count":0,"href":"https:\/\/www.teddenizli.k12.tr\/en\/wp-json\/wp\/v2\/posts\/5671\/revisions"}],"wp:featuredmedia":[{"embeddable":true,"href":"https:\/\/www.teddenizli.k12.tr\/en\/wp-json\/wp\/v2\/media\/5672"}],"wp:attachment":[{"href":"https:\/\/www.teddenizli.k12.tr\/en\/wp-json\/wp\/v2\/media?parent=5671"}],"wp:term":[{"taxonomy":"category","embeddable":true,"href":"https:\/\/www.teddenizli.k12.tr\/en\/wp-json\/wp\/v2\/categories?post=5671"},{"taxonomy":"post_tag","embeddable":true,"href":"https:\/\/www.teddenizli.k12.tr\/en\/wp-json\/wp\/v2\/tags?post=5671"}],"curies":[{"name":"wp","href":"https:\/\/api.w.org\/{rel}","templated":true}]}}