{"id":5666,"date":"2022-03-10T12:10:43","date_gmt":"2022-03-10T09:10:43","guid":{"rendered":"https:\/\/www.teddenizli.k12.tr\/?p=5666"},"modified":"2022-03-10T12:10:43","modified_gmt":"2022-03-10T09:10:43","slug":"stop-bullying","status":"publish","type":"post","link":"https:\/\/www.teddenizli.k12.tr\/en\/stop-bullying\/","title":{"rendered":"STOP BULLYING!"},"content":{"rendered":"<p>In the morning ceremonies of TED Denizli College, we try to include as many activities as possible to increase the social awareness of our students. In this context, our English Department organized an event against bullying to acknowledge the social differences. Students and teachers came to school with different colors and patterns of socks in order to explain that our differences are part of this society. We all live in unity and harmony no matter what our differences are. At the end , they came up with a slogan &#8220;Stop Bullying&#8221; at the event held in English. After the event, primary school students sang the song &#8216;Blue Planet&#8217; together.<\/p>\n<p><a href=\"https:\/\/www.teddenizli.k12.tr\/stop-bullying\/ted-denizli-koleji-sosyal-farkindalik-farkliliklara-karsi-zorbaliga-hayir-ingilizce-farkli-corap-stop-bullying\/\" rel=\"attachment wp-att-5667\"><img loading=\"lazy\" decoding=\"async\" class=\"alignnone size-full wp-image-5667\" src=\"https:\/\/www.teddenizli.k12.tr\/wp-content\/uploads\/2022\/03\/ted-denizli-koleji-sosyal-farkindalik-farkliliklara-karsi-zorbaliga-hayir-ingilizce-farkli-corap-Stop-Bullying-.jpg\" alt=\"\" width=\"1200\" height=\"503\" srcset=\"https:\/\/www.teddenizli.k12.tr\/en\/wp-content\/uploads\/2022\/03\/ted-denizli-koleji-sosyal-farkindalik-farkliliklara-karsi-zorbaliga-hayir-ingilizce-farkli-corap-Stop-Bullying-.jpg 1200w, https:\/\/www.teddenizli.k12.tr\/en\/wp-content\/uploads\/2022\/03\/ted-denizli-koleji-sosyal-farkindalik-farkliliklara-karsi-zorbaliga-hayir-ingilizce-farkli-corap-Stop-Bullying--300x126.jpg 300w, https:\/\/www.teddenizli.k12.tr\/en\/wp-content\/uploads\/2022\/03\/ted-denizli-koleji-sosyal-farkindalik-farkliliklara-karsi-zorbaliga-hayir-ingilizce-farkli-corap-Stop-Bullying--1024x429.jpg 1024w, https:\/\/www.teddenizli.k12.tr\/en\/wp-content\/uploads\/2022\/03\/ted-denizli-koleji-sosyal-farkindalik-farkliliklara-karsi-zorbaliga-hayir-ingilizce-farkli-corap-Stop-Bullying--768x322.jpg 768w, https:\/\/www.teddenizli.k12.tr\/en\/wp-content\/uploads\/2022\/03\/ted-denizli-koleji-sosyal-farkindalik-farkliliklara-karsi-zorbaliga-hayir-ingilizce-farkli-corap-Stop-Bullying--260x109.jpg 260w, https:\/\/www.teddenizli.k12.tr\/en\/wp-content\/uploads\/2022\/03\/ted-denizli-koleji-sosyal-farkindalik-farkliliklara-karsi-zorbaliga-hayir-ingilizce-farkli-corap-Stop-Bullying--50x21.jpg 50w, https:\/\/www.teddenizli.k12.tr\/en\/wp-content\/uploads\/2022\/03\/ted-denizli-koleji-sosyal-farkindalik-farkliliklara-karsi-zorbaliga-hayir-ingilizce-farkli-corap-Stop-Bullying--150x63.jpg 150w\" sizes=\"auto, (max-width:767px) 480px, (max-width:1200px) 100vw, 1200px\" \/><\/a><\/p>\n<p>&nbsp;<\/p>\n<p>ZORBALI\u011eA HAYIR!<\/p>\n<p>TED Denizli Koleji\u2019nin sabah t\u00f6renlerinde, \u00f6\u011frencilerimizin sosyal fark\u0131ndal\u0131klar\u0131n\u0131n artt\u0131r\u0131lmas\u0131na y\u00f6nelik etkinliklere de elimizden geldi\u011fince \u00e7ok yer vermeye \u00e7al\u0131\u015f\u0131yoruz. Bu kapsamda \u0130ngilizce z\u00fcmremiz \u00f6\u011frencilerimizle birlikte toplumsal farkl\u0131lara y\u00f6nelik zorbal\u0131\u011fa kar\u015f\u0131 hay\u0131r etkinli\u011fi ger\u00e7ekle\u015ftirdi. Farkl\u0131l\u0131klar\u0131m\u0131z\u0131n bu toplumun bir par\u00e7as\u0131 oldu\u011funu anlatmak ad\u0131na farkl\u0131 renk ve desen \u00e7oraplarla okula gelen \u00f6\u011frenci ve \u00f6\u011fretmenler, \u0130ngilizce ger\u00e7ekle\u015ftirilen etkinlikte \u201cZorbal\u0131\u011fa Hay\u0131r\u201d slogan\u0131 da att\u0131. \u0130lk okul \u00f6\u011frencileri etkinli\u011fin ard\u0131ndan hep bir a\u011f\u0131zdan \u2018 Mavi Gezegen\u2019 \u015fark\u0131s\u0131n\u0131 seslendirdi.<\/p>\n","protected":false},"excerpt":{"rendered":"<p>In the morning ceremonies of TED Denizli College, we try to include as many activities as possible to increase the social awareness of our students. In<span class=\"excerpt-hellip\"> [\u2026]<\/span><\/p>\n","protected":false},"author":14,"featured_media":5668,"comment_status":"closed","ping_status":"closed","sticky":false,"template":"","format":"standard","meta":{"footnotes":""},"categories":[1],"tags":[],"class_list":["post-5666","post","type-post","status-publish","format-standard","has-post-thumbnail","hentry","category-haberler-ve-duyurular"],"_links":{"self":[{"href":"https:\/\/www.teddenizli.k12.tr\/en\/wp-json\/wp\/v2\/posts\/5666","targetHints":{"allow":["GET"]}}],"collection":[{"href":"https:\/\/www.teddenizli.k12.tr\/en\/wp-json\/wp\/v2\/posts"}],"about":[{"href":"https:\/\/www.teddenizli.k12.tr\/en\/wp-json\/wp\/v2\/types\/post"}],"author":[{"embeddable":true,"href":"https:\/\/www.teddenizli.k12.tr\/en\/wp-json\/wp\/v2\/users\/14"}],"replies":[{"embeddable":true,"href":"https:\/\/www.teddenizli.k12.tr\/en\/wp-json\/wp\/v2\/comments?post=5666"}],"version-history":[{"count":0,"href":"https:\/\/www.teddenizli.k12.tr\/en\/wp-json\/wp\/v2\/posts\/5666\/revisions"}],"wp:featuredmedia":[{"embeddable":true,"href":"https:\/\/www.teddenizli.k12.tr\/en\/wp-json\/wp\/v2\/media\/5668"}],"wp:attachment":[{"href":"https:\/\/www.teddenizli.k12.tr\/en\/wp-json\/wp\/v2\/media?parent=5666"}],"wp:term":[{"taxonomy":"category","embeddable":true,"href":"https:\/\/www.teddenizli.k12.tr\/en\/wp-json\/wp\/v2\/categories?post=5666"},{"taxonomy":"post_tag","embeddable":true,"href":"https:\/\/www.teddenizli.k12.tr\/en\/wp-json\/wp\/v2\/tags?post=5666"}],"curies":[{"name":"wp","href":"https:\/\/api.w.org\/{rel}","templated":true}]}}