{"id":5661,"date":"2022-03-08T17:38:39","date_gmt":"2022-03-08T14:38:39","guid":{"rendered":"https:\/\/www.teddenizli.k12.tr\/?p=5661"},"modified":"2022-03-08T17:42:41","modified_gmt":"2022-03-08T14:42:41","slug":"8-mart-dunya-emekci-kadinlar-gununde-iz-birakan-kadinlar-ted-kolejinde-hatirlandi","status":"publish","type":"post","link":"https:\/\/www.teddenizli.k12.tr\/en\/8-mart-dunya-emekci-kadinlar-gununde-iz-birakan-kadinlar-ted-kolejinde-hatirlandi\/","title":{"rendered":"TED DEN\u0130ZL\u0130&#8217;DE KADINLAR G\u00dcN\u00dc DOLU DOLU GE\u00c7T\u0130"},"content":{"rendered":"<p>TED Denizli Kamp\u00fcs\u00fc&#8217;nde g\u00fcnlerden kad\u0131n. 8 Mart D\u00fcnya Emek\u00e7i Kad\u0131nlar G\u00fcn\u00fc nedeniyle g\u00fcn boyu etkinliklere sahne olan TED Denizli Koleji, yo\u011fun bir g\u00fcn\u00fc geride b\u0131rakt\u0131.<\/p>\n<p>G\u00fcn TED Denizli Anaokulunda minik \u00f6\u011frencilerimiz y\u00f6nelik ger\u00e7ekle\u015ftirdi\u011fimiz sunumla ba\u015flad\u0131. \u2018\u2019\u0130z B\u0131rakan Kad\u0131nlar\u2019\u2019 isimli sunumda minik \u00f6\u011frencilere ge\u00e7mi\u015ften g\u00fcn\u00fcm\u00fcze \u00f6nemli kad\u0131n fig\u00fcrler ve ba\u015far\u0131lar\u0131 anlat\u0131l\u0131rken, Kad\u0131nlar G\u00fcn\u00fcn\u00fcn anlam ve \u00f6nemi hakk\u0131nda de bilgi verildi. Ayr\u0131ca Anaokulunun minikleri \u00f6\u011fleden sonra kamp\u00fcs\u00fc turlay\u0131p kad\u0131n \u00f6\u011fretmenler ve \u00e7al\u0131\u015fanlara hediye s\u00fcrprizi yapt\u0131. Elleriyle yapt\u0131klar\u0131 hediye kalpleri arma\u011fan eden miniklerin jestleri tam puan ald\u0131.<\/p>\n<p>TED Denizli Koleji konferans salonunda kad\u0131nlar g\u00fcn\u00fc nedeniyle bir de t\u00f6ren d\u00fczenlendi. Etkinlikte \u00f6\u011frencilerimiz, Kad\u0131nlar G\u00fcn\u00fc&#8217;n\u00fcn anlaml\u0131 ve fark\u0131ndal\u0131k yaratan s\u00f6zlerini okuyan \u00c7a\u011fan Irmak ve Yade Tekeko\u011flu\u2019nun ard\u0131ndan okulumuzda \u00e7al\u0131\u015fan kad\u0131nlar\u0131m\u0131z\u0131n anlaml\u0131 mesajlar i\u00e7eren videosu, Lara Nehir \u00dcmek\u2019in dans g\u00f6sterisi ile devam etti. alk\u0131\u015flanan etkinlik, Ay\u015fe \u0130rem Kandemir\u2019in \u2018Uyan\u2019 isimli \u015fark\u0131y\u0131 seslendirmesi ile son buldu.<br \/>\nBu vesileyle biz de t\u00fcm kad\u0131nlar\u0131m\u0131z\u0131n D\u00fcnya Emek\u00e7i Kad\u0131nlar G\u00fcn\u00fc&#8217;n\u00fc bir kez daha kutluyoruz.<\/p>\n<p style=\"text-align: center;\"><iframe loading=\"lazy\" title=\"YouTube video player\" src=\"https:\/\/www.youtube.com\/embed\/IzJdxT5M_uI\" width=\"727\" height=\"409\" frameborder=\"0\" allowfullscreen=\"allowfullscreen\"><\/iframe><\/p>\n","protected":false},"excerpt":{"rendered":"<p>TED Denizli Kamp\u00fcs\u00fc&#8217;nde g\u00fcnlerden kad\u0131n. 8 Mart D\u00fcnya Emek\u00e7i Kad\u0131nlar G\u00fcn\u00fc nedeniyle g\u00fcn boyu etkinliklere sahne olan TED Denizli Koleji, yo\u011fun bir g\u00fcn\u00fc geride b\u0131rakt\u0131. G\u00fcn<span class=\"excerpt-hellip\"> [\u2026]<\/span><\/p>\n","protected":false},"author":14,"featured_media":5662,"comment_status":"closed","ping_status":"closed","sticky":false,"template":"","format":"standard","meta":{"footnotes":""},"categories":[1],"tags":[],"class_list":["post-5661","post","type-post","status-publish","format-standard","has-post-thumbnail","hentry","category-haberler-ve-duyurular"],"_links":{"self":[{"href":"https:\/\/www.teddenizli.k12.tr\/en\/wp-json\/wp\/v2\/posts\/5661","targetHints":{"allow":["GET"]}}],"collection":[{"href":"https:\/\/www.teddenizli.k12.tr\/en\/wp-json\/wp\/v2\/posts"}],"about":[{"href":"https:\/\/www.teddenizli.k12.tr\/en\/wp-json\/wp\/v2\/types\/post"}],"author":[{"embeddable":true,"href":"https:\/\/www.teddenizli.k12.tr\/en\/wp-json\/wp\/v2\/users\/14"}],"replies":[{"embeddable":true,"href":"https:\/\/www.teddenizli.k12.tr\/en\/wp-json\/wp\/v2\/comments?post=5661"}],"version-history":[{"count":0,"href":"https:\/\/www.teddenizli.k12.tr\/en\/wp-json\/wp\/v2\/posts\/5661\/revisions"}],"wp:featuredmedia":[{"embeddable":true,"href":"https:\/\/www.teddenizli.k12.tr\/en\/wp-json\/wp\/v2\/media\/5662"}],"wp:attachment":[{"href":"https:\/\/www.teddenizli.k12.tr\/en\/wp-json\/wp\/v2\/media?parent=5661"}],"wp:term":[{"taxonomy":"category","embeddable":true,"href":"https:\/\/www.teddenizli.k12.tr\/en\/wp-json\/wp\/v2\/categories?post=5661"},{"taxonomy":"post_tag","embeddable":true,"href":"https:\/\/www.teddenizli.k12.tr\/en\/wp-json\/wp\/v2\/tags?post=5661"}],"curies":[{"name":"wp","href":"https:\/\/api.w.org\/{rel}","templated":true}]}}