{"id":5657,"date":"2022-03-08T15:34:59","date_gmt":"2022-03-08T12:34:59","guid":{"rendered":"https:\/\/www.teddenizli.k12.tr\/?p=5657"},"modified":"2022-03-08T15:34:59","modified_gmt":"2022-03-08T12:34:59","slug":"ted-denizli-adim-adim-sampiyonluga-uzaniyor","status":"publish","type":"post","link":"https:\/\/www.teddenizli.k12.tr\/en\/ted-denizli-adim-adim-sampiyonluga-uzaniyor\/","title":{"rendered":"TED DEN\u0130ZL\u0130 ADIM ADIM  \u015eAMP\u0130YONLU\u011eA UZANIYOR"},"content":{"rendered":"<p>Okul Sporlar\u0131 K\u00fc\u00e7\u00fck Erkekler Basketbol Ligi\u2019nde Final Four\u2019a kalan TED Denizli U12, ilk ma\u00e7\u0131nda sahadan galibiyetle ayr\u0131lmas\u0131n\u0131 bildi.<\/p>\n<p>Kolejliler Gen\u00e7lik ve Spor \u0130l M\u00fcd\u00fcrl\u00fc\u011f\u00fc Spor Salonu\u2019nda ger\u00e7ekle\u015ftirilen Final Four\u2019un ilk raundunda Abal\u0131o\u011flu Yem Sanayi Ortaokulu ile kar\u015f\u0131la\u015ft\u0131. Ma\u00e7 boyu \u00fcst\u00fcnl\u00fc\u011f\u00fcn\u00fc koruyan Kolejliler, sahadaki performans\u0131n\u0131 tabelaya da yans\u0131tt\u0131. Rakibine kar\u015f\u0131 farkl\u0131 \u00fcst\u00fcnl\u00fck alan TED Denizli U12 ekibimiz, kar\u015f\u0131la\u015fmadan 68-18 skorla ayr\u0131ld\u0131.<\/p>\n<p>Okul Sporlar\u0131 ligindeki ba\u015far\u0131l\u0131 ekibimizi bu net galibiyetten dolay\u0131 tebrik ediyor, t\u00fcm oyuncular\u0131m\u0131z ve teknik heyetimizi kutluyoruz.<\/p>\n","protected":false},"excerpt":{"rendered":"<p>Okul Sporlar\u0131 K\u00fc\u00e7\u00fck Erkekler Basketbol Ligi\u2019nde Final Four\u2019a kalan TED Denizli U12, ilk ma\u00e7\u0131nda sahadan galibiyetle ayr\u0131lmas\u0131n\u0131 bildi. Kolejliler Gen\u00e7lik ve Spor \u0130l M\u00fcd\u00fcrl\u00fc\u011f\u00fc Spor Salonu\u2019nda<span class=\"excerpt-hellip\"> [\u2026]<\/span><\/p>\n","protected":false},"author":14,"featured_media":5658,"comment_status":"closed","ping_status":"closed","sticky":false,"template":"","format":"standard","meta":{"footnotes":""},"categories":[1],"tags":[],"class_list":["post-5657","post","type-post","status-publish","format-standard","has-post-thumbnail","hentry","category-haberler-ve-duyurular"],"_links":{"self":[{"href":"https:\/\/www.teddenizli.k12.tr\/en\/wp-json\/wp\/v2\/posts\/5657","targetHints":{"allow":["GET"]}}],"collection":[{"href":"https:\/\/www.teddenizli.k12.tr\/en\/wp-json\/wp\/v2\/posts"}],"about":[{"href":"https:\/\/www.teddenizli.k12.tr\/en\/wp-json\/wp\/v2\/types\/post"}],"author":[{"embeddable":true,"href":"https:\/\/www.teddenizli.k12.tr\/en\/wp-json\/wp\/v2\/users\/14"}],"replies":[{"embeddable":true,"href":"https:\/\/www.teddenizli.k12.tr\/en\/wp-json\/wp\/v2\/comments?post=5657"}],"version-history":[{"count":0,"href":"https:\/\/www.teddenizli.k12.tr\/en\/wp-json\/wp\/v2\/posts\/5657\/revisions"}],"wp:featuredmedia":[{"embeddable":true,"href":"https:\/\/www.teddenizli.k12.tr\/en\/wp-json\/wp\/v2\/media\/5658"}],"wp:attachment":[{"href":"https:\/\/www.teddenizli.k12.tr\/en\/wp-json\/wp\/v2\/media?parent=5657"}],"wp:term":[{"taxonomy":"category","embeddable":true,"href":"https:\/\/www.teddenizli.k12.tr\/en\/wp-json\/wp\/v2\/categories?post=5657"},{"taxonomy":"post_tag","embeddable":true,"href":"https:\/\/www.teddenizli.k12.tr\/en\/wp-json\/wp\/v2\/tags?post=5657"}],"curies":[{"name":"wp","href":"https:\/\/api.w.org\/{rel}","templated":true}]}}